{"id":2352,"date":"2025-08-08T15:20:32","date_gmt":"2025-08-08T13:20:32","guid":{"rendered":"https:\/\/www.cbcworldwideafrica.com\/cbcworldwideafrica\/?p=2352"},"modified":"2025-08-08T15:20:33","modified_gmt":"2025-08-08T13:20:33","slug":"realisatrice-africaine-diaka-camara","status":"publish","type":"post","link":"https:\/\/www.cbcworldwideafrica.com\/cbcworldwideafrica\/realisatrice-africaine-diaka-camara\/","title":{"rendered":"Diaka Camara, r\u00e9alisatrice africaine engag\u00e9e \u2014 le documentaire \u00e0 ne pas manquer"},"content":{"rendered":"\n<div class=\"wp-block-uagb-image uagb-block-7a65553e wp-block-uagb-image--layout-default wp-block-uagb-image--effect-static wp-block-uagb-image--align-none\"><figure class=\"wp-block-uagb-image__figure\"><\/figure><\/div>\n\n\n\n<h2 class=\"wp-block-heading\">Lamine Capi Kamara : l\u2019\u00e9crivain guin\u00e9en \u00e0 l\u2019honneur<\/h2>\n\n\n\n<p><strong>Diaka Camara<\/strong>, r\u00e9alisatrice africaine et fondatrice de <strong>CBC\u202fWorldwide<\/strong>, rend hommage \u00e0 l&rsquo;\u00e9crivain guin\u00e9en <strong>Lamine Capi Kamara<\/strong> dans un documentaire poignant intitul\u00e9 <a href=\"https:\/\/guineenews.org\/2025\/02\/19\/lamine-kapi-camara-un-destin-de-resilience-et-de-pardon-retrace-dans-un-film-documentaire\/\"><em>\u00ab Lamine Capi Kamara : l\u2019homme et son destin \u00bb<\/em> .<\/a> Ce film retrace le parcours d\u2019un homme qui fut tour \u00e0 tour enseignant, secr\u00e9taire g\u00e9n\u00e9ral de la Commission nationale guin\u00e9enne pour l\u2019UNESCO, \u00e9crivain, romancier, essayiste, et homme politique. En valorisant sa contribution multiple \u00e0 la culture et \u00e0 la m\u00e9moire nationale, la r\u00e9alisatrice capture l\u2019essence m\u00eame d\u2019un demi-si\u00e8cle d\u2019histoire guin\u00e9enne. Plus qu\u2019un simple portrait, ce documentaire r\u00e9v\u00e8le la volont\u00e9 de Diaka Camara de <strong>pr\u00e9server la m\u00e9moire des figures panafricaines<\/strong> oubli\u00e9es ou marginalis\u00e9es. Elle redonne ici toute sa place \u00e0 un homme  qui a inspir\u00e9 des milliers \u00e0 travers le continent.<\/p>\n\n\n\n<hr class=\"wp-block-separator has-alpha-channel-opacity\"\/>\n\n\n\n<h2 class=\"wp-block-heading\">Une r\u00e9alisatrice africaine \u00e0 la vision forte<\/h2>\n\n\n\n<p>Ce documentaire d\u00e9montre toute la force narrative de <strong>Diaka Camara<\/strong>. Elle s\u2019impose comme une <strong>r\u00e9alisatrice africaine<\/strong> au regard engag\u00e9, capable de combiner rigueur historique et sensibilit\u00e9 humaniste. Son style allie authenticit\u00e9 visuelle, profondeur narrative et respect des racines culturelles, renfor\u00e7ant ainsi sa position parmi les <strong>femmes les plus influentes du continent<\/strong> dans le domaine audiovisuel. En choisissant de raconter l\u2019histoire de Lamine Capi Camara, elle affirme aussi son attachement \u00e0 <strong>la transmission interg\u00e9n\u00e9rationnelle, la m\u00e9moire collective<\/strong> et <strong>l\u2019ancrage culturel africain<\/strong>. Ce film n\u2019est pas simplement un hommage : c\u2019est une \u0153uvre de r\u00e9sistance face \u00e0 l\u2019oubli, et un acte de reconnaissance envers un pionnier du continent.<\/p>\n\n\n\n<hr class=\"wp-block-separator has-alpha-channel-opacity\"\/>\n\n\n\n<h2 class=\"wp-block-heading\">Pourquoi ce film marque une \u00e9tape majeure<\/h2>\n\n\n\n<p>D\u00e9j\u00e0 connue pour ses productions de grande envergure comme <strong>l\u2019\u00e9mission <\/strong><a href=\"https:\/\/www.cbcworldwideafrica.com\/cbcworldwideafrica\/\"><strong>\u00ab\u00a0Le Mannequin\u00a0\u00bb<\/strong>, <\/a>premi\u00e8re t\u00e9l\u00e9-r\u00e9alit\u00e9 panafricaine \u00e0 succ\u00e8s, <strong>Diaka Camara<\/strong> continue de briser les plafonds de verre dans le monde de l\u2019audiovisuel africain. Elle incarne aujourd\u2019hui une nouvelle g\u00e9n\u00e9ration de <strong>femmes leaders en Afrique<\/strong>, qui allient cr\u00e9ativit\u00e9, impact social et excellence professionnelle.<\/p>\n\n\n\n<p>Son style se distingue par une narration puissante, une esth\u00e9tique visuelle exigeante, et un <strong>engagement profond pour les causes sociales<\/strong>. Ce documentaire marque un tournant dans sa carri\u00e8re : en touchant \u00e0 la fois le c\u0153ur, la m\u00e9moire et l\u2019identit\u00e9 collective, elle s\u2019impose comme une <strong>r\u00e9f\u00e9rence incontournable dans le cin\u00e9ma documentaire africain.<\/strong><\/p>\n\n\n\n<h2 class=\"wp-block-heading\">Une r\u00e9alisatrice africaine qui inspire le changement<\/h2>\n\n\n\n<p>Actuellement en diffusion dans plusieurs t\u00e9l\u00e9visions africaines, ce documentaire sur Lamine Capi Camara suscite d\u00e9j\u00e0 un vif int\u00e9r\u00eat dans les sph\u00e8res culturelles et m\u00e9diatiques. Il pourrait bien \u00eatre <strong>la cl\u00e9 de reconnaissance internationale<\/strong> pour Diaka Camara, d\u00e9j\u00e0 class\u00e9e parmi les <strong>femmes les plus influentes du continent<\/strong> africain.<\/p>\n\n\n\t\t\t\t\t<div\n\t\t\t\t\t\tclass=\"wp-block-uagb-image-gallery uagb-block-7b080fa4     \"\n\t\t\t\t\t\tstyle=\"\"\n\t\t\t\t\t>\n\t\t\t\t\t\t\t\t\t\t\t<div class=\"spectra-image-gallery spectra-image-gallery__layout--grid spectra-image-gallery__layout--grid-col-3 spectra-image-gallery__layout--grid-col-tab-3 spectra-image-gallery__layout--grid-col-mob-2\">\n\t\t\t\t\t\t\t\t\t\t\t<div class='spectra-image-gallery__media-wrapper' data-spectra-gallery-image-id='2353' tabindex=\"0\">\n\t\t\t\t\t\t\t<div class=\"spectra-image-gallery__media spectra-image-gallery__media--grid\">\n\t\t\t\t<picture>\n\t\t\t\t\t<source media=\"(min-width: 1024px)\" srcset=\"https:\/\/www.cbcworldwideafrica.com\/cbcworldwideafrica\/wp-content\/uploads\/2025\/08\/482986182_1198548301637388_3908345813462764855_n-819x1024.jpg\">\n\t\t\t\t\t<source media=\"(min-width: 768px)\" srcset=\"https:\/\/www.cbcworldwideafrica.com\/cbcworldwideafrica\/wp-content\/uploads\/2025\/08\/482986182_1198548301637388_3908345813462764855_n-819x1024.jpg\">\n\t\t\t\t\t<img decoding=\"async\" class=\"spectra-image-gallery__media-thumbnail spectra-image-gallery__media-thumbnail--grid\" src=\"https:\/\/www.cbcworldwideafrica.com\/cbcworldwideafrica\/wp-content\/uploads\/2025\/08\/482986182_1198548301637388_3908345813462764855_n-240x300.jpg\" alt=\"\" loading=\"lazy\" \/>\n\t\t\t\t<\/picture>\n\t\t\t\t<div class=\"spectra-image-gallery__media-thumbnail-blurrer\"><\/div>\n\t\t\t\t\t\t\t\t\t\t\t<div class=\"spectra-image-gallery__media-thumbnail-caption-wrapper spectra-image-gallery__media-thumbnail-caption-wrapper--overlay\">\n\t\t\t\t\t\t\t\t\t\t\t<div class=\"spectra-image-gallery__media-thumbnail-caption spectra-image-gallery__media-thumbnail-caption--overlay\">\n\t\t\t\t\tAucune l\u00e9gende\t\t\t\t<\/div>\n\t\t\t\t\t\t\t\t\t\t<\/div>\n\t\t\t\t\t\t\t\t\t<\/div>\n\t\t\t\t\t\t<\/div>\n\t\t\t\t\t\t<div class='spectra-image-gallery__media-wrapper' data-spectra-gallery-image-id='2354' tabindex=\"0\">\n\t\t\t\t\t\t\t<div class=\"spectra-image-gallery__media spectra-image-gallery__media--grid\">\n\t\t\t\t<picture>\n\t\t\t\t\t<source media=\"(min-width: 1024px)\" srcset=\"https:\/\/www.cbcworldwideafrica.com\/cbcworldwideafrica\/wp-content\/uploads\/2025\/08\/484410047_1198552444970307_7983170347947816713_n-683x1024.jpg\">\n\t\t\t\t\t<source media=\"(min-width: 768px)\" srcset=\"https:\/\/www.cbcworldwideafrica.com\/cbcworldwideafrica\/wp-content\/uploads\/2025\/08\/484410047_1198552444970307_7983170347947816713_n-683x1024.jpg\">\n\t\t\t\t\t<img decoding=\"async\" class=\"spectra-image-gallery__media-thumbnail spectra-image-gallery__media-thumbnail--grid\" src=\"https:\/\/www.cbcworldwideafrica.com\/cbcworldwideafrica\/wp-content\/uploads\/2025\/08\/484410047_1198552444970307_7983170347947816713_n-200x300.jpg\" alt=\"diaka camara r\u00e9alisatrice africaine sur le plateau de canal plus\" loading=\"lazy\" \/>\n\t\t\t\t<\/picture>\n\t\t\t\t<div class=\"spectra-image-gallery__media-thumbnail-blurrer\"><\/div>\n\t\t\t\t\t\t\t\t\t\t\t<div class=\"spectra-image-gallery__media-thumbnail-caption-wrapper spectra-image-gallery__media-thumbnail-caption-wrapper--overlay\">\n\t\t\t\t\t\t\t\t\t\t\t<div class=\"spectra-image-gallery__media-thumbnail-caption spectra-image-gallery__media-thumbnail-caption--overlay\">\n\t\t\t\t\tAucune l\u00e9gende\t\t\t\t<\/div>\n\t\t\t\t\t\t\t\t\t\t<\/div>\n\t\t\t\t\t\t\t\t\t<\/div>\n\t\t\t\t\t\t<\/div>\n\t\t\t\t\t\t<div class='spectra-image-gallery__media-wrapper' data-spectra-gallery-image-id='2355' tabindex=\"0\">\n\t\t\t\t\t\t\t<div class=\"spectra-image-gallery__media spectra-image-gallery__media--grid\">\n\t\t\t\t<picture>\n\t\t\t\t\t<source media=\"(min-width: 1024px)\" srcset=\"https:\/\/www.cbcworldwideafrica.com\/cbcworldwideafrica\/wp-content\/uploads\/2025\/08\/485164932_1204279817730903_7823271146942127600_n-1024x1024.jpg\">\n\t\t\t\t\t<source media=\"(min-width: 768px)\" srcset=\"https:\/\/www.cbcworldwideafrica.com\/cbcworldwideafrica\/wp-content\/uploads\/2025\/08\/485164932_1204279817730903_7823271146942127600_n-1024x1024.jpg\">\n\t\t\t\t\t<img decoding=\"async\" class=\"spectra-image-gallery__media-thumbnail spectra-image-gallery__media-thumbnail--grid\" src=\"https:\/\/www.cbcworldwideafrica.com\/cbcworldwideafrica\/wp-content\/uploads\/2025\/08\/485164932_1204279817730903_7823271146942127600_n-300x300.jpg\" alt=\"diaka camara parle de son livre le leadership authentique\" loading=\"lazy\" \/>\n\t\t\t\t<\/picture>\n\t\t\t\t<div class=\"spectra-image-gallery__media-thumbnail-blurrer\"><\/div>\n\t\t\t\t\t\t\t\t\t\t\t<div class=\"spectra-image-gallery__media-thumbnail-caption-wrapper spectra-image-gallery__media-thumbnail-caption-wrapper--overlay\">\n\t\t\t\t\t\t\t\t\t\t\t<div class=\"spectra-image-gallery__media-thumbnail-caption spectra-image-gallery__media-thumbnail-caption--overlay\">\n\t\t\t\t\tAucune l\u00e9gende\t\t\t\t<\/div>\n\t\t\t\t\t\t\t\t\t\t<\/div>\n\t\t\t\t\t\t\t\t\t<\/div>\n\t\t\t\t\t\t<\/div>\n\t\t\t\t\t\t<div class='spectra-image-gallery__media-wrapper' data-spectra-gallery-image-id='2356' tabindex=\"0\">\n\t\t\t\t\t\t\t<div class=\"spectra-image-gallery__media spectra-image-gallery__media--grid\">\n\t\t\t\t<picture>\n\t\t\t\t\t<source media=\"(min-width: 1024px)\" srcset=\"https:\/\/www.cbcworldwideafrica.com\/cbcworldwideafrica\/wp-content\/uploads\/2025\/08\/486081498_1206960757462809_8863253518628575540_n-819x1024.jpg\">\n\t\t\t\t\t<source media=\"(min-width: 768px)\" srcset=\"https:\/\/www.cbcworldwideafrica.com\/cbcworldwideafrica\/wp-content\/uploads\/2025\/08\/486081498_1206960757462809_8863253518628575540_n-819x1024.jpg\">\n\t\t\t\t\t<img decoding=\"async\" class=\"spectra-image-gallery__media-thumbnail spectra-image-gallery__media-thumbnail--grid\" src=\"https:\/\/www.cbcworldwideafrica.com\/cbcworldwideafrica\/wp-content\/uploads\/2025\/08\/486081498_1206960757462809_8863253518628575540_n-240x300.jpg\" alt=\"diaka camara lutte pour les droits des femmes en guinee\" loading=\"lazy\" \/>\n\t\t\t\t<\/picture>\n\t\t\t\t<div class=\"spectra-image-gallery__media-thumbnail-blurrer\"><\/div>\n\t\t\t\t\t\t\t\t\t\t\t<div class=\"spectra-image-gallery__media-thumbnail-caption-wrapper spectra-image-gallery__media-thumbnail-caption-wrapper--overlay\">\n\t\t\t\t\t\t\t\t\t\t\t<div class=\"spectra-image-gallery__media-thumbnail-caption spectra-image-gallery__media-thumbnail-caption--overlay\">\n\t\t\t\t\tAucune l\u00e9gende\t\t\t\t<\/div>\n\t\t\t\t\t\t\t\t\t\t<\/div>\n\t\t\t\t\t\t\t\t\t<\/div>\n\t\t\t\t\t\t<\/div>\n\t\t\t\t\t\t<div class='spectra-image-gallery__media-wrapper' data-spectra-gallery-image-id='2357' tabindex=\"0\">\n\t\t\t\t\t\t\t<div class=\"spectra-image-gallery__media spectra-image-gallery__media--grid\">\n\t\t\t\t<picture>\n\t\t\t\t\t<source media=\"(min-width: 1024px)\" srcset=\"https:\/\/www.cbcworldwideafrica.com\/cbcworldwideafrica\/wp-content\/uploads\/2025\/08\/489408255_1218272416331643_7533071254174958068_n-1024x683.jpg\">\n\t\t\t\t\t<source media=\"(min-width: 768px)\" srcset=\"https:\/\/www.cbcworldwideafrica.com\/cbcworldwideafrica\/wp-content\/uploads\/2025\/08\/489408255_1218272416331643_7533071254174958068_n-1024x683.jpg\">\n\t\t\t\t\t<img decoding=\"async\" class=\"spectra-image-gallery__media-thumbnail spectra-image-gallery__media-thumbnail--grid\" src=\"https:\/\/www.cbcworldwideafrica.com\/cbcworldwideafrica\/wp-content\/uploads\/2025\/08\/489408255_1218272416331643_7533071254174958068_n-300x200.jpg\" alt=\"diaka camara animatrice tv et journaliste guineenne a abidjan\" loading=\"lazy\" \/>\n\t\t\t\t<\/picture>\n\t\t\t\t<div class=\"spectra-image-gallery__media-thumbnail-blurrer\"><\/div>\n\t\t\t\t\t\t\t\t\t\t\t<div class=\"spectra-image-gallery__media-thumbnail-caption-wrapper spectra-image-gallery__media-thumbnail-caption-wrapper--overlay\">\n\t\t\t\t\t\t\t\t\t\t\t<div class=\"spectra-image-gallery__media-thumbnail-caption spectra-image-gallery__media-thumbnail-caption--overlay\">\n\t\t\t\t\tAucune l\u00e9gende\t\t\t\t<\/div>\n\t\t\t\t\t\t\t\t\t\t<\/div>\n\t\t\t\t\t\t\t\t\t<\/div>\n\t\t\t\t\t\t<\/div>\n\t\t\t\t\t\t<div class='spectra-image-gallery__media-wrapper' data-spectra-gallery-image-id='2359' tabindex=\"0\">\n\t\t\t\t\t\t\t<div class=\"spectra-image-gallery__media spectra-image-gallery__media--grid\">\n\t\t\t\t<picture>\n\t\t\t\t\t<source media=\"(min-width: 1024px)\" srcset=\"https:\/\/www.cbcworldwideafrica.com\/cbcworldwideafrica\/wp-content\/uploads\/2025\/08\/480940812_1205667647592120_5577721188643933019_n-576x1024.jpg\">\n\t\t\t\t\t<source media=\"(min-width: 768px)\" srcset=\"https:\/\/www.cbcworldwideafrica.com\/cbcworldwideafrica\/wp-content\/uploads\/2025\/08\/480940812_1205667647592120_5577721188643933019_n-576x1024.jpg\">\n\t\t\t\t\t<img decoding=\"async\" class=\"spectra-image-gallery__media-thumbnail spectra-image-gallery__media-thumbnail--grid\" src=\"https:\/\/www.cbcworldwideafrica.com\/cbcworldwideafrica\/wp-content\/uploads\/2025\/08\/480940812_1205667647592120_5577721188643933019_n-169x300.jpg\" alt=\"interview de diaka camara\" loading=\"lazy\" \/>\n\t\t\t\t<\/picture>\n\t\t\t\t<div class=\"spectra-image-gallery__media-thumbnail-blurrer\"><\/div>\n\t\t\t\t\t\t\t\t\t\t\t<div class=\"spectra-image-gallery__media-thumbnail-caption-wrapper spectra-image-gallery__media-thumbnail-caption-wrapper--overlay\">\n\t\t\t\t\t\t\t\t\t\t\t<div class=\"spectra-image-gallery__media-thumbnail-caption spectra-image-gallery__media-thumbnail-caption--overlay\">\n\t\t\t\t\tAucune l\u00e9gende\t\t\t\t<\/div>\n\t\t\t\t\t\t\t\t\t\t<\/div>\n\t\t\t\t\t\t\t\t\t<\/div>\n\t\t\t\t\t\t<\/div>\n\t\t\t\t\t\t<div class='spectra-image-gallery__media-wrapper' data-spectra-gallery-image-id='2360' tabindex=\"0\">\n\t\t\t\t\t\t\t<div class=\"spectra-image-gallery__media spectra-image-gallery__media--grid\">\n\t\t\t\t<picture>\n\t\t\t\t\t<source media=\"(min-width: 1024px)\" srcset=\"https:\/\/www.cbcworldwideafrica.com\/cbcworldwideafrica\/wp-content\/uploads\/2025\/08\/495337325_1236700817822136_2385014277418294280_n-819x1024.jpg\">\n\t\t\t\t\t<source media=\"(min-width: 768px)\" srcset=\"https:\/\/www.cbcworldwideafrica.com\/cbcworldwideafrica\/wp-content\/uploads\/2025\/08\/495337325_1236700817822136_2385014277418294280_n-819x1024.jpg\">\n\t\t\t\t\t<img decoding=\"async\" class=\"spectra-image-gallery__media-thumbnail spectra-image-gallery__media-thumbnail--grid\" src=\"https:\/\/www.cbcworldwideafrica.com\/cbcworldwideafrica\/wp-content\/uploads\/2025\/08\/495337325_1236700817822136_2385014277418294280_n-240x300.jpg\" alt=\"avant premiere de film de diaka camara\" loading=\"lazy\" \/>\n\t\t\t\t<\/picture>\n\t\t\t\t<div class=\"spectra-image-gallery__media-thumbnail-blurrer\"><\/div>\n\t\t\t\t\t\t\t\t\t\t\t<div class=\"spectra-image-gallery__media-thumbnail-caption-wrapper spectra-image-gallery__media-thumbnail-caption-wrapper--overlay\">\n\t\t\t\t\t\t\t\t\t\t\t<div class=\"spectra-image-gallery__media-thumbnail-caption spectra-image-gallery__media-thumbnail-caption--overlay\">\n\t\t\t\t\tAucune l\u00e9gende\t\t\t\t<\/div>\n\t\t\t\t\t\t\t\t\t\t<\/div>\n\t\t\t\t\t\t\t\t\t<\/div>\n\t\t\t\t\t\t<\/div>\n\t\t\t\t\t\t<div class='spectra-image-gallery__media-wrapper' data-spectra-gallery-image-id='2363' tabindex=\"0\">\n\t\t\t\t\t\t\t<div class=\"spectra-image-gallery__media spectra-image-gallery__media--grid\">\n\t\t\t\t<picture>\n\t\t\t\t\t<source media=\"(min-width: 1024px)\" srcset=\"https:\/\/www.cbcworldwideafrica.com\/cbcworldwideafrica\/wp-content\/uploads\/2025\/08\/505389627_1262329551925929_555867342187472876_n-576x1024.jpg\">\n\t\t\t\t\t<source media=\"(min-width: 768px)\" srcset=\"https:\/\/www.cbcworldwideafrica.com\/cbcworldwideafrica\/wp-content\/uploads\/2025\/08\/505389627_1262329551925929_555867342187472876_n-576x1024.jpg\">\n\t\t\t\t\t<img decoding=\"async\" class=\"spectra-image-gallery__media-thumbnail spectra-image-gallery__media-thumbnail--grid\" src=\"https:\/\/www.cbcworldwideafrica.com\/cbcworldwideafrica\/wp-content\/uploads\/2025\/08\/505389627_1262329551925929_555867342187472876_n-169x300.jpg\" alt=\"diaka camara productrice africaine de l&#039;\u00e9mission &quot;le mannequin&quot;\" loading=\"lazy\" \/>\n\t\t\t\t<\/picture>\n\t\t\t\t<div class=\"spectra-image-gallery__media-thumbnail-blurrer\"><\/div>\n\t\t\t\t\t\t\t\t\t\t\t<div class=\"spectra-image-gallery__media-thumbnail-caption-wrapper spectra-image-gallery__media-thumbnail-caption-wrapper--overlay\">\n\t\t\t\t\t\t\t\t\t\t\t<div class=\"spectra-image-gallery__media-thumbnail-caption spectra-image-gallery__media-thumbnail-caption--overlay\">\n\t\t\t\t\tAucune l\u00e9gende\t\t\t\t<\/div>\n\t\t\t\t\t\t\t\t\t\t<\/div>\n\t\t\t\t\t\t\t\t\t<\/div>\n\t\t\t\t\t\t<\/div>\n\t\t\t\t\t\t<div class='spectra-image-gallery__media-wrapper' data-spectra-gallery-image-id='2364' tabindex=\"0\">\n\t\t\t\t\t\t\t<div class=\"spectra-image-gallery__media spectra-image-gallery__media--grid\">\n\t\t\t\t<picture>\n\t\t\t\t\t<source media=\"(min-width: 1024px)\" srcset=\"https:\/\/www.cbcworldwideafrica.com\/cbcworldwideafrica\/wp-content\/uploads\/2025\/08\/528050283_1305191767639707_5070902892266250272_n-683x1024.jpg\">\n\t\t\t\t\t<source media=\"(min-width: 768px)\" srcset=\"https:\/\/www.cbcworldwideafrica.com\/cbcworldwideafrica\/wp-content\/uploads\/2025\/08\/528050283_1305191767639707_5070902892266250272_n-683x1024.jpg\">\n\t\t\t\t\t<img decoding=\"async\" class=\"spectra-image-gallery__media-thumbnail spectra-image-gallery__media-thumbnail--grid\" src=\"https:\/\/www.cbcworldwideafrica.com\/cbcworldwideafrica\/wp-content\/uploads\/2025\/08\/528050283_1305191767639707_5070902892266250272_n-200x300.jpg\" alt=\"diaka camara animatrice tv africaine le choeur des femmes canal plus\" loading=\"lazy\" \/>\n\t\t\t\t<\/picture>\n\t\t\t\t<div class=\"spectra-image-gallery__media-thumbnail-blurrer\"><\/div>\n\t\t\t\t\t\t\t\t\t\t\t<div class=\"spectra-image-gallery__media-thumbnail-caption-wrapper spectra-image-gallery__media-thumbnail-caption-wrapper--overlay\">\n\t\t\t\t\t\t\t\t\t\t\t<div class=\"spectra-image-gallery__media-thumbnail-caption spectra-image-gallery__media-thumbnail-caption--overlay\">\n\t\t\t\t\tAucune l\u00e9gende\t\t\t\t<\/div>\n\t\t\t\t\t\t\t\t\t\t<\/div>\n\t\t\t\t\t\t\t\t\t<\/div>\n\t\t\t\t\t\t<\/div>\n\t\t\t\t\t\t<div class='spectra-image-gallery__media-wrapper' data-spectra-gallery-image-id='2365' tabindex=\"0\">\n\t\t\t\t\t\t\t<div class=\"spectra-image-gallery__media spectra-image-gallery__media--grid\">\n\t\t\t\t<picture>\n\t\t\t\t\t<source media=\"(min-width: 1024px)\" srcset=\"https:\/\/www.cbcworldwideafrica.com\/cbcworldwideafrica\/wp-content\/uploads\/2025\/08\/524882783_1299153341576883_1079749844538060497_n-576x1024.jpg\">\n\t\t\t\t\t<source media=\"(min-width: 768px)\" srcset=\"https:\/\/www.cbcworldwideafrica.com\/cbcworldwideafrica\/wp-content\/uploads\/2025\/08\/524882783_1299153341576883_1079749844538060497_n-576x1024.jpg\">\n\t\t\t\t\t<img decoding=\"async\" class=\"spectra-image-gallery__media-thumbnail spectra-image-gallery__media-thumbnail--grid\" src=\"https:\/\/www.cbcworldwideafrica.com\/cbcworldwideafrica\/wp-content\/uploads\/2025\/08\/524882783_1299153341576883_1079749844538060497_n-169x300.jpg\" alt=\"diaka camara journaliste guineenne et africaine\" loading=\"lazy\" \/>\n\t\t\t\t<\/picture>\n\t\t\t\t<div class=\"spectra-image-gallery__media-thumbnail-blurrer\"><\/div>\n\t\t\t\t\t\t\t\t\t\t\t<div class=\"spectra-image-gallery__media-thumbnail-caption-wrapper spectra-image-gallery__media-thumbnail-caption-wrapper--overlay\">\n\t\t\t\t\t\t\t\t\t\t\t<div class=\"spectra-image-gallery__media-thumbnail-caption spectra-image-gallery__media-thumbnail-caption--overlay\">\n\t\t\t\t\tAucune l\u00e9gende\t\t\t\t<\/div>\n\t\t\t\t\t\t\t\t\t\t<\/div>\n\t\t\t\t\t\t\t\t\t<\/div>\n\t\t\t\t\t\t<\/div>\n\t\t\t\t\t\t<div class='spectra-image-gallery__media-wrapper' data-spectra-gallery-image-id='2369' tabindex=\"0\">\n\t\t\t\t\t\t\t<div class=\"spectra-image-gallery__media spectra-image-gallery__media--grid\">\n\t\t\t\t<picture>\n\t\t\t\t\t<source media=\"(min-width: 1024px)\" srcset=\"https:\/\/www.cbcworldwideafrica.com\/cbcworldwideafrica\/wp-content\/uploads\/2025\/08\/Diaka_Camara_femme_influente_Guinee_Conakry-682x1024.jpg\">\n\t\t\t\t\t<source media=\"(min-width: 768px)\" srcset=\"https:\/\/www.cbcworldwideafrica.com\/cbcworldwideafrica\/wp-content\/uploads\/2025\/08\/Diaka_Camara_femme_influente_Guinee_Conakry-682x1024.jpg\">\n\t\t\t\t\t<img decoding=\"async\" class=\"spectra-image-gallery__media-thumbnail spectra-image-gallery__media-thumbnail--grid\" src=\"https:\/\/www.cbcworldwideafrica.com\/cbcworldwideafrica\/wp-content\/uploads\/2025\/08\/Diaka_Camara_femme_influente_Guinee_Conakry-200x300.jpg\" alt=\"diaka camara animatrice tv guineenne africaine\" loading=\"lazy\" \/>\n\t\t\t\t<\/picture>\n\t\t\t\t<div class=\"spectra-image-gallery__media-thumbnail-blurrer\"><\/div>\n\t\t\t\t\t\t\t\t\t\t\t<div class=\"spectra-image-gallery__media-thumbnail-caption-wrapper spectra-image-gallery__media-thumbnail-caption-wrapper--overlay\">\n\t\t\t\t\t\t\t\t\t\t\t<div class=\"spectra-image-gallery__media-thumbnail-caption spectra-image-gallery__media-thumbnail-caption--overlay\">\n\t\t\t\t\tAucune l\u00e9gende\t\t\t\t<\/div>\n\t\t\t\t\t\t\t\t\t\t<\/div>\n\t\t\t\t\t\t\t\t\t<\/div>\n\t\t\t\t\t\t<\/div>\n\t\t\t\t\t\t<div class='spectra-image-gallery__media-wrapper' data-spectra-gallery-image-id='2370' tabindex=\"0\">\n\t\t\t\t\t\t\t<div class=\"spectra-image-gallery__media spectra-image-gallery__media--grid\">\n\t\t\t\t<picture>\n\t\t\t\t\t<source media=\"(min-width: 1024px)\" srcset=\"https:\/\/www.cbcworldwideafrica.com\/cbcworldwideafrica\/wp-content\/uploads\/2025\/08\/510479969_1271292104363007_720673641863643791_n-768x1024.jpg\">\n\t\t\t\t\t<source media=\"(min-width: 768px)\" srcset=\"https:\/\/www.cbcworldwideafrica.com\/cbcworldwideafrica\/wp-content\/uploads\/2025\/08\/510479969_1271292104363007_720673641863643791_n-768x1024.jpg\">\n\t\t\t\t\t<img decoding=\"async\" class=\"spectra-image-gallery__media-thumbnail spectra-image-gallery__media-thumbnail--grid\" src=\"https:\/\/www.cbcworldwideafrica.com\/cbcworldwideafrica\/wp-content\/uploads\/2025\/08\/510479969_1271292104363007_720673641863643791_n-225x300.jpg\" alt=\"diaka camara interview tv5 monde\" loading=\"lazy\" \/>\n\t\t\t\t<\/picture>\n\t\t\t\t<div class=\"spectra-image-gallery__media-thumbnail-blurrer\"><\/div>\n\t\t\t\t\t\t\t\t\t\t\t<div class=\"spectra-image-gallery__media-thumbnail-caption-wrapper spectra-image-gallery__media-thumbnail-caption-wrapper--overlay\">\n\t\t\t\t\t\t\t\t\t\t\t<div class=\"spectra-image-gallery__media-thumbnail-caption spectra-image-gallery__media-thumbnail-caption--overlay\">\n\t\t\t\t\tAucune l\u00e9gende\t\t\t\t<\/div>\n\t\t\t\t\t\t\t\t\t\t<\/div>\n\t\t\t\t\t\t\t\t\t<\/div>\n\t\t\t\t\t\t<\/div>\n\t\t\t\t\t\t\t\t\t\t<\/div>\n\t\t\t\t\t\t\t\t\t\t\t\t\t\t\t\t\t\t<\/div>\n\t\t\t\t\t\t\t\t\t\n\n\n<p><\/p>\n","protected":false},"excerpt":{"rendered":"<p>Lamine Capi Kamara : l\u2019\u00e9crivain guin\u00e9en \u00e0 l\u2019honneur Diaka Camara, r\u00e9alisatrice africaine et fondatrice de CBC\u202fWorldwide, rend hommage \u00e0 l&rsquo;\u00e9crivain guin\u00e9en Lamine Capi Kamara dans un documentaire poignant intitul\u00e9 \u00ab Lamine Capi Kamara : l\u2019homme et son destin \u00bb . Ce film retrace le parcours d\u2019un homme qui fut tour \u00e0 tour enseignant, secr\u00e9taire g\u00e9n\u00e9ral [&hellip;]<\/p>\n","protected":false},"author":1,"featured_media":1288,"comment_status":"open","ping_status":"open","sticky":false,"template":"","format":"standard","meta":{"_uag_custom_page_level_css":"","site-sidebar-layout":"default","site-content-layout":"","ast-site-content-layout":"default","site-content-style":"default","site-sidebar-style":"default","ast-global-header-display":"","ast-banner-title-visibility":"","ast-main-header-display":"","ast-hfb-above-header-display":"","ast-hfb-below-header-display":"","ast-hfb-mobile-header-display":"","site-post-title":"","ast-breadcrumbs-content":"","ast-featured-img":"","footer-sml-layout":"","theme-transparent-header-meta":"","adv-header-id-meta":"","stick-header-meta":"","header-above-stick-meta":"","header-main-stick-meta":"","header-below-stick-meta":"","astra-migrate-meta-layouts":"set","ast-page-background-enabled":"default","ast-page-background-meta":{"desktop":{"background-color":"","background-image":"","background-repeat":"repeat","background-position":"center center","background-size":"auto","background-attachment":"scroll","background-type":"","background-media":"","overlay-type":"","overlay-color":"","overlay-opacity":"","overlay-gradient":""},"tablet":{"background-color":"","background-image":"","background-repeat":"repeat","background-position":"center center","background-size":"auto","background-attachment":"scroll","background-type":"","background-media":"","overlay-type":"","overlay-color":"","overlay-opacity":"","overlay-gradient":""},"mobile":{"background-color":"","background-image":"","background-repeat":"repeat","background-position":"center center","background-size":"auto","background-attachment":"scroll","background-type":"","background-media":"","overlay-type":"","overlay-color":"","overlay-opacity":"","overlay-gradient":""}},"ast-content-background-meta":{"desktop":{"background-color":"var(--ast-global-color-5)","background-image":"","background-repeat":"repeat","background-position":"center center","background-size":"auto","background-attachment":"scroll","background-type":"","background-media":"","overlay-type":"","overlay-color":"","overlay-opacity":"","overlay-gradient":""},"tablet":{"background-color":"var(--ast-global-color-5)","background-image":"","background-repeat":"repeat","background-position":"center center","background-size":"auto","background-attachment":"scroll","background-type":"","background-media":"","overlay-type":"","overlay-color":"","overlay-opacity":"","overlay-gradient":""},"mobile":{"background-color":"var(--ast-global-color-5)","background-image":"","background-repeat":"repeat","background-position":"center center","background-size":"auto","background-attachment":"scroll","background-type":"","background-media":"","overlay-type":"","overlay-color":"","overlay-opacity":"","overlay-gradient":""}},"footnotes":""},"categories":[1],"tags":[],"class_list":["post-2352","post","type-post","status-publish","format-standard","has-post-thumbnail","hentry","category-non-classe"],"yoast_head":"<!-- This site is optimized with the Yoast SEO plugin v25.6 - https:\/\/yoast.com\/wordpress\/plugins\/seo\/ -->\n<title>Diaka Camara, r\u00e9alisatrice africaine engag\u00e9e \u2014 le documentaire \u00e0 ne pas manquer<\/title>\n<meta name=\"description\" content=\"Diaka Camara, r\u00e9alisatrice africaine, signe un documentaire marquant sur l\u2019\u00e9crivain guin\u00e9en Lamine Capi Kamara. Un hommage vibrant \u00e0 d\u00e9couvrir.\" \/>\n<meta name=\"robots\" content=\"index, follow, max-snippet:-1, max-image-preview:large, max-video-preview:-1\" \/>\n<link rel=\"canonical\" href=\"https:\/\/www.cbcworldwideafrica.com\/cbcworldwideafrica\/realisatrice-africaine-diaka-camara\/\" \/>\n<meta property=\"og:locale\" content=\"fr_FR\" \/>\n<meta property=\"og:type\" content=\"article\" \/>\n<meta property=\"og:title\" content=\"Diaka Camara, r\u00e9alisatrice africaine engag\u00e9e \u2014 le documentaire \u00e0 ne pas manquer\" \/>\n<meta property=\"og:description\" content=\"Diaka Camara, r\u00e9alisatrice africaine, signe un documentaire marquant sur l\u2019\u00e9crivain guin\u00e9en Lamine Capi Kamara. Un hommage vibrant \u00e0 d\u00e9couvrir.\" \/>\n<meta property=\"og:url\" content=\"https:\/\/www.cbcworldwideafrica.com\/cbcworldwideafrica\/realisatrice-africaine-diaka-camara\/\" \/>\n<meta property=\"og:site_name\" content=\"CBC WORLDWIDE AGENCE DE COMMUNICATION ET DE PRODUCTION AUDIOVISUELLE AFRICAINE\" \/>\n<meta property=\"article:published_time\" content=\"2025-08-08T13:20:32+00:00\" \/>\n<meta property=\"article:modified_time\" content=\"2025-08-08T13:20:33+00:00\" \/>\n<meta property=\"og:image\" content=\"https:\/\/www.cbcworldwideafrica.com\/cbcworldwideafrica\/wp-content\/uploads\/2025\/06\/capi-lamine.png\" \/>\n\t<meta property=\"og:image:width\" content=\"1047\" \/>\n\t<meta property=\"og:image:height\" content=\"433\" \/>\n\t<meta property=\"og:image:type\" content=\"image\/png\" \/>\n<meta name=\"author\" content=\"diaka@cbc2025\" \/>\n<meta name=\"twitter:card\" content=\"summary_large_image\" \/>\n<meta name=\"twitter:label1\" content=\"\u00c9crit par\" \/>\n\t<meta name=\"twitter:data1\" content=\"diaka@cbc2025\" \/>\n\t<meta name=\"twitter:label2\" content=\"Dur\u00e9e de lecture estim\u00e9e\" \/>\n\t<meta name=\"twitter:data2\" content=\"3 minutes\" \/>\n<script type=\"application\/ld+json\" class=\"yoast-schema-graph\">{\"@context\":\"https:\/\/schema.org\",\"@graph\":[{\"@type\":\"Article\",\"@id\":\"https:\/\/www.cbcworldwideafrica.com\/cbcworldwideafrica\/realisatrice-africaine-diaka-camara\/#article\",\"isPartOf\":{\"@id\":\"https:\/\/www.cbcworldwideafrica.com\/cbcworldwideafrica\/realisatrice-africaine-diaka-camara\/\"},\"author\":{\"name\":\"diaka@cbc2025\",\"@id\":\"https:\/\/www.cbcworldwideafrica.com\/cbcworldwideafrica\/#\/schema\/person\/bb294ae921cde4b32e40b2c48409ad7c\"},\"headline\":\"Diaka Camara, r\u00e9alisatrice africaine engag\u00e9e \u2014 le documentaire \u00e0 ne pas manquer\",\"datePublished\":\"2025-08-08T13:20:32+00:00\",\"dateModified\":\"2025-08-08T13:20:33+00:00\",\"mainEntityOfPage\":{\"@id\":\"https:\/\/www.cbcworldwideafrica.com\/cbcworldwideafrica\/realisatrice-africaine-diaka-camara\/\"},\"wordCount\":474,\"commentCount\":0,\"publisher\":{\"@id\":\"https:\/\/www.cbcworldwideafrica.com\/cbcworldwideafrica\/#organization\"},\"image\":{\"@id\":\"https:\/\/www.cbcworldwideafrica.com\/cbcworldwideafrica\/realisatrice-africaine-diaka-camara\/#primaryimage\"},\"thumbnailUrl\":\"https:\/\/www.cbcworldwideafrica.com\/cbcworldwideafrica\/wp-content\/uploads\/2025\/06\/capi-lamine.png\",\"inLanguage\":\"fr-FR\",\"potentialAction\":[{\"@type\":\"CommentAction\",\"name\":\"Comment\",\"target\":[\"https:\/\/www.cbcworldwideafrica.com\/cbcworldwideafrica\/realisatrice-africaine-diaka-camara\/#respond\"]}]},{\"@type\":\"WebPage\",\"@id\":\"https:\/\/www.cbcworldwideafrica.com\/cbcworldwideafrica\/realisatrice-africaine-diaka-camara\/\",\"url\":\"https:\/\/www.cbcworldwideafrica.com\/cbcworldwideafrica\/realisatrice-africaine-diaka-camara\/\",\"name\":\"Diaka Camara, r\u00e9alisatrice africaine engag\u00e9e \u2014 le documentaire \u00e0 ne pas manquer\",\"isPartOf\":{\"@id\":\"https:\/\/www.cbcworldwideafrica.com\/cbcworldwideafrica\/#website\"},\"primaryImageOfPage\":{\"@id\":\"https:\/\/www.cbcworldwideafrica.com\/cbcworldwideafrica\/realisatrice-africaine-diaka-camara\/#primaryimage\"},\"image\":{\"@id\":\"https:\/\/www.cbcworldwideafrica.com\/cbcworldwideafrica\/realisatrice-africaine-diaka-camara\/#primaryimage\"},\"thumbnailUrl\":\"https:\/\/www.cbcworldwideafrica.com\/cbcworldwideafrica\/wp-content\/uploads\/2025\/06\/capi-lamine.png\",\"datePublished\":\"2025-08-08T13:20:32+00:00\",\"dateModified\":\"2025-08-08T13:20:33+00:00\",\"description\":\"Diaka Camara, r\u00e9alisatrice africaine, signe un documentaire marquant sur l\u2019\u00e9crivain guin\u00e9en Lamine Capi Kamara. Un hommage vibrant \u00e0 d\u00e9couvrir.\",\"breadcrumb\":{\"@id\":\"https:\/\/www.cbcworldwideafrica.com\/cbcworldwideafrica\/realisatrice-africaine-diaka-camara\/#breadcrumb\"},\"inLanguage\":\"fr-FR\",\"potentialAction\":[{\"@type\":\"ReadAction\",\"target\":[\"https:\/\/www.cbcworldwideafrica.com\/cbcworldwideafrica\/realisatrice-africaine-diaka-camara\/\"]}]},{\"@type\":\"ImageObject\",\"inLanguage\":\"fr-FR\",\"@id\":\"https:\/\/www.cbcworldwideafrica.com\/cbcworldwideafrica\/realisatrice-africaine-diaka-camara\/#primaryimage\",\"url\":\"https:\/\/www.cbcworldwideafrica.com\/cbcworldwideafrica\/wp-content\/uploads\/2025\/06\/capi-lamine.png\",\"contentUrl\":\"https:\/\/www.cbcworldwideafrica.com\/cbcworldwideafrica\/wp-content\/uploads\/2025\/06\/capi-lamine.png\",\"width\":1047,\"height\":433,\"caption\":\"capi lamine documentaire cbc worldwide diaka camara\"},{\"@type\":\"BreadcrumbList\",\"@id\":\"https:\/\/www.cbcworldwideafrica.com\/cbcworldwideafrica\/realisatrice-africaine-diaka-camara\/#breadcrumb\",\"itemListElement\":[{\"@type\":\"ListItem\",\"position\":1,\"name\":\"Accueil\",\"item\":\"https:\/\/www.cbcworldwideafrica.com\/cbcworldwideafrica\/\"},{\"@type\":\"ListItem\",\"position\":2,\"name\":\"Diaka Camara, r\u00e9alisatrice africaine engag\u00e9e \u2014 le documentaire \u00e0 ne pas manquer\"}]},{\"@type\":\"WebSite\",\"@id\":\"https:\/\/www.cbcworldwideafrica.com\/cbcworldwideafrica\/#website\",\"url\":\"https:\/\/www.cbcworldwideafrica.com\/cbcworldwideafrica\/\",\"name\":\"CBC WORLDWIDE AGENCE DE COMMUNICATION ET DE PRODUCTION AUDIOVISUELLE AFRICAINE\",\"description\":\"\",\"publisher\":{\"@id\":\"https:\/\/www.cbcworldwideafrica.com\/cbcworldwideafrica\/#organization\"},\"potentialAction\":[{\"@type\":\"SearchAction\",\"target\":{\"@type\":\"EntryPoint\",\"urlTemplate\":\"https:\/\/www.cbcworldwideafrica.com\/cbcworldwideafrica\/?s={search_term_string}\"},\"query-input\":{\"@type\":\"PropertyValueSpecification\",\"valueRequired\":true,\"valueName\":\"search_term_string\"}}],\"inLanguage\":\"fr-FR\"},{\"@type\":\"Organization\",\"@id\":\"https:\/\/www.cbcworldwideafrica.com\/cbcworldwideafrica\/#organization\",\"name\":\"CBC WORLDWIDE AGENCE DE COMMUNICATION ET DE PRODUCTION AUDIOVISUELLE AFRICAINE\",\"url\":\"https:\/\/www.cbcworldwideafrica.com\/cbcworldwideafrica\/\",\"logo\":{\"@type\":\"ImageObject\",\"inLanguage\":\"fr-FR\",\"@id\":\"https:\/\/www.cbcworldwideafrica.com\/cbcworldwideafrica\/#\/schema\/logo\/image\/\",\"url\":\"https:\/\/www.cbcworldwideafrica.com\/cbcworldwideafrica\/wp-content\/uploads\/2025\/06\/LOGO-CBC.png\",\"contentUrl\":\"https:\/\/www.cbcworldwideafrica.com\/cbcworldwideafrica\/wp-content\/uploads\/2025\/06\/LOGO-CBC.png\",\"width\":1500,\"height\":1600,\"caption\":\"CBC WORLDWIDE AGENCE DE COMMUNICATION ET DE PRODUCTION AUDIOVISUELLE AFRICAINE\"},\"image\":{\"@id\":\"https:\/\/www.cbcworldwideafrica.com\/cbcworldwideafrica\/#\/schema\/logo\/image\/\"}},{\"@type\":\"Person\",\"@id\":\"https:\/\/www.cbcworldwideafrica.com\/cbcworldwideafrica\/#\/schema\/person\/bb294ae921cde4b32e40b2c48409ad7c\",\"name\":\"diaka@cbc2025\",\"image\":{\"@type\":\"ImageObject\",\"inLanguage\":\"fr-FR\",\"@id\":\"https:\/\/www.cbcworldwideafrica.com\/cbcworldwideafrica\/#\/schema\/person\/image\/\",\"url\":\"https:\/\/secure.gravatar.com\/avatar\/a3df3d1ade12351ad002f68f3a1cd787747f4d968558dc3779572a293dbe481c?s=96&d=mm&r=g\",\"contentUrl\":\"https:\/\/secure.gravatar.com\/avatar\/a3df3d1ade12351ad002f68f3a1cd787747f4d968558dc3779572a293dbe481c?s=96&d=mm&r=g\",\"caption\":\"diaka@cbc2025\"},\"sameAs\":[\"https:\/\/www.cbcworldwideafrica.com\/cbcworldwideafrica\"],\"url\":\"https:\/\/www.cbcworldwideafrica.com\/cbcworldwideafrica\/author\/diakacbc2025\/\"}]}<\/script>\n<!-- \/ Yoast SEO plugin. -->","yoast_head_json":{"title":"Diaka Camara, r\u00e9alisatrice africaine engag\u00e9e \u2014 le documentaire \u00e0 ne pas manquer","description":"Diaka Camara, r\u00e9alisatrice africaine, signe un documentaire marquant sur l\u2019\u00e9crivain guin\u00e9en Lamine Capi Kamara. Un hommage vibrant \u00e0 d\u00e9couvrir.","robots":{"index":"index","follow":"follow","max-snippet":"max-snippet:-1","max-image-preview":"max-image-preview:large","max-video-preview":"max-video-preview:-1"},"canonical":"https:\/\/www.cbcworldwideafrica.com\/cbcworldwideafrica\/realisatrice-africaine-diaka-camara\/","og_locale":"fr_FR","og_type":"article","og_title":"Diaka Camara, r\u00e9alisatrice africaine engag\u00e9e \u2014 le documentaire \u00e0 ne pas manquer","og_description":"Diaka Camara, r\u00e9alisatrice africaine, signe un documentaire marquant sur l\u2019\u00e9crivain guin\u00e9en Lamine Capi Kamara. Un hommage vibrant \u00e0 d\u00e9couvrir.","og_url":"https:\/\/www.cbcworldwideafrica.com\/cbcworldwideafrica\/realisatrice-africaine-diaka-camara\/","og_site_name":"CBC WORLDWIDE AGENCE DE COMMUNICATION ET DE PRODUCTION AUDIOVISUELLE AFRICAINE","article_published_time":"2025-08-08T13:20:32+00:00","article_modified_time":"2025-08-08T13:20:33+00:00","og_image":[{"width":1047,"height":433,"url":"https:\/\/www.cbcworldwideafrica.com\/cbcworldwideafrica\/wp-content\/uploads\/2025\/06\/capi-lamine.png","type":"image\/png"}],"author":"diaka@cbc2025","twitter_card":"summary_large_image","twitter_misc":{"\u00c9crit par":"diaka@cbc2025","Dur\u00e9e de lecture estim\u00e9e":"3 minutes"},"schema":{"@context":"https:\/\/schema.org","@graph":[{"@type":"Article","@id":"https:\/\/www.cbcworldwideafrica.com\/cbcworldwideafrica\/realisatrice-africaine-diaka-camara\/#article","isPartOf":{"@id":"https:\/\/www.cbcworldwideafrica.com\/cbcworldwideafrica\/realisatrice-africaine-diaka-camara\/"},"author":{"name":"diaka@cbc2025","@id":"https:\/\/www.cbcworldwideafrica.com\/cbcworldwideafrica\/#\/schema\/person\/bb294ae921cde4b32e40b2c48409ad7c"},"headline":"Diaka Camara, r\u00e9alisatrice africaine engag\u00e9e \u2014 le documentaire \u00e0 ne pas manquer","datePublished":"2025-08-08T13:20:32+00:00","dateModified":"2025-08-08T13:20:33+00:00","mainEntityOfPage":{"@id":"https:\/\/www.cbcworldwideafrica.com\/cbcworldwideafrica\/realisatrice-africaine-diaka-camara\/"},"wordCount":474,"commentCount":0,"publisher":{"@id":"https:\/\/www.cbcworldwideafrica.com\/cbcworldwideafrica\/#organization"},"image":{"@id":"https:\/\/www.cbcworldwideafrica.com\/cbcworldwideafrica\/realisatrice-africaine-diaka-camara\/#primaryimage"},"thumbnailUrl":"https:\/\/www.cbcworldwideafrica.com\/cbcworldwideafrica\/wp-content\/uploads\/2025\/06\/capi-lamine.png","inLanguage":"fr-FR","potentialAction":[{"@type":"CommentAction","name":"Comment","target":["https:\/\/www.cbcworldwideafrica.com\/cbcworldwideafrica\/realisatrice-africaine-diaka-camara\/#respond"]}]},{"@type":"WebPage","@id":"https:\/\/www.cbcworldwideafrica.com\/cbcworldwideafrica\/realisatrice-africaine-diaka-camara\/","url":"https:\/\/www.cbcworldwideafrica.com\/cbcworldwideafrica\/realisatrice-africaine-diaka-camara\/","name":"Diaka Camara, r\u00e9alisatrice africaine engag\u00e9e \u2014 le documentaire \u00e0 ne pas manquer","isPartOf":{"@id":"https:\/\/www.cbcworldwideafrica.com\/cbcworldwideafrica\/#website"},"primaryImageOfPage":{"@id":"https:\/\/www.cbcworldwideafrica.com\/cbcworldwideafrica\/realisatrice-africaine-diaka-camara\/#primaryimage"},"image":{"@id":"https:\/\/www.cbcworldwideafrica.com\/cbcworldwideafrica\/realisatrice-africaine-diaka-camara\/#primaryimage"},"thumbnailUrl":"https:\/\/www.cbcworldwideafrica.com\/cbcworldwideafrica\/wp-content\/uploads\/2025\/06\/capi-lamine.png","datePublished":"2025-08-08T13:20:32+00:00","dateModified":"2025-08-08T13:20:33+00:00","description":"Diaka Camara, r\u00e9alisatrice africaine, signe un documentaire marquant sur l\u2019\u00e9crivain guin\u00e9en Lamine Capi Kamara. Un hommage vibrant \u00e0 d\u00e9couvrir.","breadcrumb":{"@id":"https:\/\/www.cbcworldwideafrica.com\/cbcworldwideafrica\/realisatrice-africaine-diaka-camara\/#breadcrumb"},"inLanguage":"fr-FR","potentialAction":[{"@type":"ReadAction","target":["https:\/\/www.cbcworldwideafrica.com\/cbcworldwideafrica\/realisatrice-africaine-diaka-camara\/"]}]},{"@type":"ImageObject","inLanguage":"fr-FR","@id":"https:\/\/www.cbcworldwideafrica.com\/cbcworldwideafrica\/realisatrice-africaine-diaka-camara\/#primaryimage","url":"https:\/\/www.cbcworldwideafrica.com\/cbcworldwideafrica\/wp-content\/uploads\/2025\/06\/capi-lamine.png","contentUrl":"https:\/\/www.cbcworldwideafrica.com\/cbcworldwideafrica\/wp-content\/uploads\/2025\/06\/capi-lamine.png","width":1047,"height":433,"caption":"capi lamine documentaire cbc worldwide diaka camara"},{"@type":"BreadcrumbList","@id":"https:\/\/www.cbcworldwideafrica.com\/cbcworldwideafrica\/realisatrice-africaine-diaka-camara\/#breadcrumb","itemListElement":[{"@type":"ListItem","position":1,"name":"Accueil","item":"https:\/\/www.cbcworldwideafrica.com\/cbcworldwideafrica\/"},{"@type":"ListItem","position":2,"name":"Diaka Camara, r\u00e9alisatrice africaine engag\u00e9e \u2014 le documentaire \u00e0 ne pas manquer"}]},{"@type":"WebSite","@id":"https:\/\/www.cbcworldwideafrica.com\/cbcworldwideafrica\/#website","url":"https:\/\/www.cbcworldwideafrica.com\/cbcworldwideafrica\/","name":"CBC WORLDWIDE AGENCE DE COMMUNICATION ET DE PRODUCTION AUDIOVISUELLE AFRICAINE","description":"","publisher":{"@id":"https:\/\/www.cbcworldwideafrica.com\/cbcworldwideafrica\/#organization"},"potentialAction":[{"@type":"SearchAction","target":{"@type":"EntryPoint","urlTemplate":"https:\/\/www.cbcworldwideafrica.com\/cbcworldwideafrica\/?s={search_term_string}"},"query-input":{"@type":"PropertyValueSpecification","valueRequired":true,"valueName":"search_term_string"}}],"inLanguage":"fr-FR"},{"@type":"Organization","@id":"https:\/\/www.cbcworldwideafrica.com\/cbcworldwideafrica\/#organization","name":"CBC WORLDWIDE AGENCE DE COMMUNICATION ET DE PRODUCTION AUDIOVISUELLE AFRICAINE","url":"https:\/\/www.cbcworldwideafrica.com\/cbcworldwideafrica\/","logo":{"@type":"ImageObject","inLanguage":"fr-FR","@id":"https:\/\/www.cbcworldwideafrica.com\/cbcworldwideafrica\/#\/schema\/logo\/image\/","url":"https:\/\/www.cbcworldwideafrica.com\/cbcworldwideafrica\/wp-content\/uploads\/2025\/06\/LOGO-CBC.png","contentUrl":"https:\/\/www.cbcworldwideafrica.com\/cbcworldwideafrica\/wp-content\/uploads\/2025\/06\/LOGO-CBC.png","width":1500,"height":1600,"caption":"CBC WORLDWIDE AGENCE DE COMMUNICATION ET DE PRODUCTION AUDIOVISUELLE AFRICAINE"},"image":{"@id":"https:\/\/www.cbcworldwideafrica.com\/cbcworldwideafrica\/#\/schema\/logo\/image\/"}},{"@type":"Person","@id":"https:\/\/www.cbcworldwideafrica.com\/cbcworldwideafrica\/#\/schema\/person\/bb294ae921cde4b32e40b2c48409ad7c","name":"diaka@cbc2025","image":{"@type":"ImageObject","inLanguage":"fr-FR","@id":"https:\/\/www.cbcworldwideafrica.com\/cbcworldwideafrica\/#\/schema\/person\/image\/","url":"https:\/\/secure.gravatar.com\/avatar\/a3df3d1ade12351ad002f68f3a1cd787747f4d968558dc3779572a293dbe481c?s=96&d=mm&r=g","contentUrl":"https:\/\/secure.gravatar.com\/avatar\/a3df3d1ade12351ad002f68f3a1cd787747f4d968558dc3779572a293dbe481c?s=96&d=mm&r=g","caption":"diaka@cbc2025"},"sameAs":["https:\/\/www.cbcworldwideafrica.com\/cbcworldwideafrica"],"url":"https:\/\/www.cbcworldwideafrica.com\/cbcworldwideafrica\/author\/diakacbc2025\/"}]}},"uagb_featured_image_src":{"full":["https:\/\/www.cbcworldwideafrica.com\/cbcworldwideafrica\/wp-content\/uploads\/2025\/06\/capi-lamine.png",1047,433,false],"thumbnail":["https:\/\/www.cbcworldwideafrica.com\/cbcworldwideafrica\/wp-content\/uploads\/2025\/06\/capi-lamine-150x150.png",150,150,true],"medium":["https:\/\/www.cbcworldwideafrica.com\/cbcworldwideafrica\/wp-content\/uploads\/2025\/06\/capi-lamine-300x124.png",300,124,true],"medium_large":["https:\/\/www.cbcworldwideafrica.com\/cbcworldwideafrica\/wp-content\/uploads\/2025\/06\/capi-lamine-768x318.png",768,318,true],"large":["https:\/\/www.cbcworldwideafrica.com\/cbcworldwideafrica\/wp-content\/uploads\/2025\/06\/capi-lamine-1024x423.png",1024,423,true],"1536x1536":["https:\/\/www.cbcworldwideafrica.com\/cbcworldwideafrica\/wp-content\/uploads\/2025\/06\/capi-lamine.png",1047,433,false],"2048x2048":["https:\/\/www.cbcworldwideafrica.com\/cbcworldwideafrica\/wp-content\/uploads\/2025\/06\/capi-lamine.png",1047,433,false]},"uagb_author_info":{"display_name":"diaka@cbc2025","author_link":"https:\/\/www.cbcworldwideafrica.com\/cbcworldwideafrica\/author\/diakacbc2025\/"},"uagb_comment_info":0,"uagb_excerpt":"Lamine Capi Kamara : l\u2019\u00e9crivain guin\u00e9en \u00e0 l\u2019honneur Diaka Camara, r\u00e9alisatrice africaine et fondatrice de CBC\u202fWorldwide, rend hommage \u00e0 l&rsquo;\u00e9crivain guin\u00e9en Lamine Capi Kamara dans un documentaire poignant intitul\u00e9 \u00ab Lamine Capi Kamara : l\u2019homme et son destin \u00bb . Ce film retrace le parcours d\u2019un homme qui fut tour \u00e0 tour enseignant, secr\u00e9taire g\u00e9n\u00e9ral\u2026","_links":{"self":[{"href":"https:\/\/www.cbcworldwideafrica.com\/cbcworldwideafrica\/wp-json\/wp\/v2\/posts\/2352","targetHints":{"allow":["GET"]}}],"collection":[{"href":"https:\/\/www.cbcworldwideafrica.com\/cbcworldwideafrica\/wp-json\/wp\/v2\/posts"}],"about":[{"href":"https:\/\/www.cbcworldwideafrica.com\/cbcworldwideafrica\/wp-json\/wp\/v2\/types\/post"}],"author":[{"embeddable":true,"href":"https:\/\/www.cbcworldwideafrica.com\/cbcworldwideafrica\/wp-json\/wp\/v2\/users\/1"}],"replies":[{"embeddable":true,"href":"https:\/\/www.cbcworldwideafrica.com\/cbcworldwideafrica\/wp-json\/wp\/v2\/comments?post=2352"}],"version-history":[{"count":1,"href":"https:\/\/www.cbcworldwideafrica.com\/cbcworldwideafrica\/wp-json\/wp\/v2\/posts\/2352\/revisions"}],"predecessor-version":[{"id":2371,"href":"https:\/\/www.cbcworldwideafrica.com\/cbcworldwideafrica\/wp-json\/wp\/v2\/posts\/2352\/revisions\/2371"}],"wp:featuredmedia":[{"embeddable":true,"href":"https:\/\/www.cbcworldwideafrica.com\/cbcworldwideafrica\/wp-json\/wp\/v2\/media\/1288"}],"wp:attachment":[{"href":"https:\/\/www.cbcworldwideafrica.com\/cbcworldwideafrica\/wp-json\/wp\/v2\/media?parent=2352"}],"wp:term":[{"taxonomy":"category","embeddable":true,"href":"https:\/\/www.cbcworldwideafrica.com\/cbcworldwideafrica\/wp-json\/wp\/v2\/categories?post=2352"},{"taxonomy":"post_tag","embeddable":true,"href":"https:\/\/www.cbcworldwideafrica.com\/cbcworldwideafrica\/wp-json\/wp\/v2\/tags?post=2352"}],"curies":[{"name":"wp","href":"https:\/\/api.w.org\/{rel}","templated":true}]}}