{"id":1406,"date":"2025-06-11T02:22:54","date_gmt":"2025-06-11T00:22:54","guid":{"rendered":"https:\/\/www.cbcworldwideafrica.com\/cbcworldwideafrica\/?p=1406"},"modified":"2025-08-07T18:48:46","modified_gmt":"2025-08-07T16:48:46","slug":"audiovisuel-afrique-conakry","status":"publish","type":"post","link":"https:\/\/www.cbcworldwideafrica.com\/cbcworldwideafrica\/audiovisuel-afrique-conakry\/","title":{"rendered":"Audiovisuel en Afrique &#038; Conakry \u2013 CBC Worldwide par Diaka Camara"},"content":{"rendered":"\t\t<div data-elementor-type=\"wp-post\" data-elementor-id=\"1406\" class=\"elementor elementor-1406\">\n\t\t\t\t<div class=\"elementor-element elementor-element-cbvtcpp e-flex e-con-boxed e-con e-parent\" data-id=\"cbvtcpp\" data-element_type=\"container\" data-settings=\"{&quot;background_background&quot;:&quot;classic&quot;}\">\n\t\t\t\t\t<div class=\"e-con-inner\">\n\t\t<div class=\"elementor-element elementor-element-e6150a2 e-con-full e-flex e-con e-child\" data-id=\"e6150a2\" data-element_type=\"container\">\n\t\t\t\t<div class=\"elementor-element elementor-element-9b85f4b elementor-widget elementor-widget-image\" data-id=\"9b85f4b\" data-element_type=\"widget\" data-widget_type=\"image.default\">\n\t\t\t\t<div class=\"elementor-widget-container\">\n\t\t\t\t\t\t\t\t\t\t\t\t\t\t\t<img fetchpriority=\"high\" decoding=\"async\" width=\"1280\" height=\"854\" src=\"https:\/\/www.cbcworldwideafrica.com\/cbcworldwideafrica\/wp-content\/uploads\/2025\/06\/editing-7320126_1280.jpg\" class=\"attachment-full size-full wp-image-1371\" alt=\"Production video en Afrique\" srcset=\"https:\/\/www.cbcworldwideafrica.com\/cbcworldwideafrica\/wp-content\/uploads\/2025\/06\/editing-7320126_1280.jpg 1280w, https:\/\/www.cbcworldwideafrica.com\/cbcworldwideafrica\/wp-content\/uploads\/2025\/06\/editing-7320126_1280-300x200.jpg 300w, https:\/\/www.cbcworldwideafrica.com\/cbcworldwideafrica\/wp-content\/uploads\/2025\/06\/editing-7320126_1280-1024x683.jpg 1024w, https:\/\/www.cbcworldwideafrica.com\/cbcworldwideafrica\/wp-content\/uploads\/2025\/06\/editing-7320126_1280-768x512.jpg 768w\" sizes=\"(max-width: 1280px) 100vw, 1280px\" \/>\t\t\t\t\t\t\t\t\t\t\t\t\t\t\t<\/div>\n\t\t\t\t<\/div>\n\t\t\t\t<\/div>\n\t\t<div class=\"elementor-element elementor-element-96bd502 e-con-full e-flex e-con e-child\" data-id=\"96bd502\" data-element_type=\"container\">\n\t\t\t\t<div class=\"elementor-element elementor-element-a3059cc elementor-widget-tablet__width-inherit elementor-widget elementor-widget-heading\" data-id=\"a3059cc\" data-element_type=\"widget\" data-widget_type=\"heading.default\">\n\t\t\t\t<div class=\"elementor-widget-container\">\n\t\t\t\t\t<h2 class=\"elementor-heading-title elementor-size-default\">L\u2019audiovisuel en Afrique, un march\u00e9 en pleine expansion<\/h2>\t\t\t\t<\/div>\n\t\t\t\t<\/div>\n\t\t\t\t<div class=\"elementor-element elementor-element-1707dfc elementor-widget elementor-widget-text-editor\" data-id=\"1707dfc\" data-element_type=\"widget\" data-widget_type=\"text-editor.default\">\n\t\t\t\t<div class=\"elementor-widget-container\">\n\t\t\t\t\t\t\t\t\t<p>Vous l\u2019avez sans doute remarqu\u00e9 : <strong>l\u2019audiovisuel en Afrique<\/strong> conna\u00eet un essor remarquable. En tant que <strong>CBC Worldwide<\/strong>, bas\u00e9s en Guin\u00e9e, nous le vivons au quotidien. C\u2019est fascinant de voir \u00e0 quel point la demande de contenus locaux et la production de films ou de s\u00e9ries prennent de l\u2019ampleur. Le continent se r\u00e9veille, stimul\u00e9 par de nouvelles opportunit\u00e9s et une cr\u00e9ativit\u00e9 d\u00e9bordante.<\/p><p><strong>L\u2019Afrique, terre d\u2019opportunit\u00e9s audiovisuelles<\/strong><\/p><p>Depuis quelques ann\u00e9es, la croissance du <strong>march\u00e9 audiovisuel africain<\/strong> attire l\u2019attention de nombreux investisseurs. Selon une analyse publi\u00e9e par <a href=\"https:\/\/www.strategies.fr\/actualites\/medias\/LQ3819537C\/l-afrique-nouveau-terrain-de-jeu-des-geants-de-laudiovisuel.html\">Strat\u00e9gies<\/a>, l\u2019Afrique est devenue le <strong>nouveau terrain de jeu<\/strong> pour les grandes plateformes et cha\u00eenes TV mondiales. Et ce n\u2019est pas \u00e9tonnant :<\/p><ul><li><strong>Une population jeune<\/strong> : plus de 60% des Africains ont moins de 25 ans.<\/li><li><strong>L\u2019app\u00e9tit pour le num\u00e9rique<\/strong> : acc\u00e8s de plus en plus large \u00e0 Internet et aux smartphones.<\/li><li><strong>Des r\u00e9cits uniques<\/strong> : un patrimoine culturel d\u2019une richesse extraordinaire.<\/li><\/ul><p>En Guin\u00e9e, comme dans d\u2019autres pays, on observe la mont\u00e9e en puissance de cr\u00e9ateurs locaux, de festivals cin\u00e9matographiques et de studios de tournage. Les producteurs ne craignent plus de prendre des risques, motiv\u00e9s par l\u2019int\u00e9r\u00eat croissant du public africain, mais aussi par celui de la diaspora et des spectateurs internationaux.<\/p>\t\t\t\t\t\t\t\t<\/div>\n\t\t\t\t<\/div>\n\t\t\t\t<\/div>\n\t\t\t\t\t<\/div>\n\t\t\t\t<\/div>\n\t\t<div class=\"elementor-element elementor-element-7gbiagz e-flex e-con-boxed e-con e-parent\" data-id=\"7gbiagz\" data-element_type=\"container\" data-settings=\"{&quot;background_background&quot;:&quot;classic&quot;}\">\n\t\t\t\t\t<div class=\"e-con-inner\">\n\t\t<div class=\"elementor-element elementor-element-1f7f824 e-con-full e-flex e-con e-child\" data-id=\"1f7f824\" data-element_type=\"container\">\n\t\t\t\t<div class=\"elementor-element elementor-element-8a22b56 elementor-widget elementor-widget-heading\" data-id=\"8a22b56\" data-element_type=\"widget\" data-widget_type=\"heading.default\">\n\t\t\t\t<div class=\"elementor-widget-container\">\n\t\t\t\t\t<h2 class=\"elementor-heading-title elementor-size-default\">Diaka Camara : parcours d\u2019une passionn\u00e9e<\/h2>\t\t\t\t<\/div>\n\t\t\t\t<\/div>\n\t\t\t\t<div class=\"elementor-element elementor-element-70b1a4d elementor-widget elementor-widget-text-editor\" data-id=\"70b1a4d\" data-element_type=\"widget\" data-widget_type=\"text-editor.default\">\n\t\t\t\t<div class=\"elementor-widget-container\">\n\t\t\t\t\t\t\t\t\t<p>Je suis <strong>Diaka Camara<\/strong>, fondatrice de <strong>CBC Worldwide<\/strong>. Mon aventure dans l\u2019audiovisuel a d\u00e9marr\u00e9 tr\u00e8s t\u00f4t, avec l\u2019envie de raconter la Guin\u00e9e et l\u2019Afrique sous toutes leurs facettes. Mon r\u00f4le de chroniqueuse sur Canal+ m\u2019a permis de mieux faire conna\u00eetre les talents africains, mais c\u2019est en cr\u00e9ant <strong>CBC Worldwide<\/strong> que j\u2019ai r\u00e9alis\u00e9 \u00e0 quel point l\u2019Afrique bouillonne d\u2019histoires fortes, pr\u00eates \u00e0 conqu\u00e9rir le monde.<\/p><p><strong>CBC Worldwide en Guin\u00e9e : nos engagements<\/strong><\/p><ul><li><strong>Production de qualit\u00e9 \u201cMade in Guinea\u201d<\/strong> : Nous mettons un point d\u2019honneur \u00e0 valoriser les sp\u00e9cificit\u00e9s guin\u00e9ennes, qu\u2019il s\u2019agisse de tournages en pleine brousse, de clips musicaux urbains ou de documentaires sur nos coutumes.<\/li><li><strong>Accompagnement sur mesure<\/strong> : Chaque projet est unique et nous nous adaptons aux besoins de nos clients \u2013 ONG, entreprises, institutions \u2013 en proposant du conseil strat\u00e9gique, une vraie expertise terrain et une ma\u00eetrise des techniques audiovisuelles.<\/li><li><strong>Ouverture internationale<\/strong> : L\u2019Afrique offre un march\u00e9 immense, mais nous ne nous limitons pas \u00e0 nos fronti\u00e8res. Nous souhaitons qu\u2019un film \u00ab Made in Guin\u00e9e \u00bb trouve sa place sur les festivals internationaux et les plateformes de streaming.<\/li><\/ul>\t\t\t\t\t\t\t\t<\/div>\n\t\t\t\t<\/div>\n\t\t\t\t<\/div>\n\t\t<div class=\"elementor-element elementor-element-07afb6e e-con-full e-flex e-con e-child\" data-id=\"07afb6e\" data-element_type=\"container\">\n\t\t\t\t<div class=\"elementor-element elementor-element-83930a5 elementor-widget elementor-widget-image\" data-id=\"83930a5\" data-element_type=\"widget\" data-widget_type=\"image.default\">\n\t\t\t\t<div class=\"elementor-widget-container\">\n\t\t\t\t\t\t\t\t\t\t\t\t\t\t\t<img decoding=\"async\" width=\"1920\" height=\"2560\" src=\"https:\/\/www.cbcworldwideafrica.com\/cbcworldwideafrica\/wp-content\/uploads\/2025\/06\/IMG-20250212-WA0010.jpg\" class=\"attachment-full size-full wp-image-1357\" alt=\"Diaka Camara fondatrice de CBC Worldwide \u00e0 Conakry\" srcset=\"https:\/\/www.cbcworldwideafrica.com\/cbcworldwideafrica\/wp-content\/uploads\/2025\/06\/IMG-20250212-WA0010.jpg 1920w, https:\/\/www.cbcworldwideafrica.com\/cbcworldwideafrica\/wp-content\/uploads\/2025\/06\/IMG-20250212-WA0010-225x300.jpg 225w, https:\/\/www.cbcworldwideafrica.com\/cbcworldwideafrica\/wp-content\/uploads\/2025\/06\/IMG-20250212-WA0010-768x1024.jpg 768w, https:\/\/www.cbcworldwideafrica.com\/cbcworldwideafrica\/wp-content\/uploads\/2025\/06\/IMG-20250212-WA0010-1152x1536.jpg 1152w, https:\/\/www.cbcworldwideafrica.com\/cbcworldwideafrica\/wp-content\/uploads\/2025\/06\/IMG-20250212-WA0010-1536x2048.jpg 1536w\" sizes=\"(max-width: 1920px) 100vw, 1920px\" \/>\t\t\t\t\t\t\t\t\t\t\t\t\t\t\t<\/div>\n\t\t\t\t<\/div>\n\t\t\t\t<\/div>\n\t\t\t\t\t<\/div>\n\t\t\t\t<\/div>\n\t\t<div class=\"elementor-element elementor-element-y7260zp e-flex e-con-boxed e-con e-parent\" data-id=\"y7260zp\" data-element_type=\"container\" data-settings=\"{&quot;background_background&quot;:&quot;classic&quot;}\">\n\t\t\t\t\t<div class=\"e-con-inner\">\n\t\t\t\t<div class=\"elementor-element elementor-element-9e5d64b elementor-widget elementor-widget-heading\" data-id=\"9e5d64b\" data-element_type=\"widget\" data-widget_type=\"heading.default\">\n\t\t\t\t<div class=\"elementor-widget-container\">\n\t\t\t\t\t<h2 class=\"elementor-heading-title elementor-size-default\">Un march\u00e9 en devenir<\/h2>\t\t\t\t<\/div>\n\t\t\t\t<\/div>\n\t\t\t\t<div class=\"elementor-element elementor-element-860199a elementor-widget elementor-widget-text-editor\" data-id=\"860199a\" data-element_type=\"widget\" data-widget_type=\"text-editor.default\">\n\t\t\t\t<div class=\"elementor-widget-container\">\n\t\t\t\t\t\t\t\t\t<p>Ce qui rend l\u2019Afrique si attractive, c\u2019est l\u2019\u00e9quilibre entre la <strong>tradition<\/strong> et la <strong>modernit\u00e9<\/strong>. On peut tourner un film dans un village recul\u00e9, en mettant en sc\u00e8ne des rites ancestraux, tout en diffusant l\u2019\u0153uvre en <strong>4K<\/strong> sur des plateformes num\u00e9riques ultra-performantes. Cette dualit\u00e9 s\u00e9duit un public avide de d\u00e9couverte et d\u2019authenticit\u00e9.<\/p><p><strong>Les d\u00e9fis \u00e0 relever<\/strong><\/p><p>Malgr\u00e9 l\u2019enthousiasme ambiant, le secteur audiovisuel africain fait face \u00e0 des obstacles :<\/p><ul><li><strong>Manque d\u2019infrastructures<\/strong> : studios de tournage, salles de projection, \u00e9quipements.<\/li><li><strong>Financements limit\u00e9s<\/strong> : les banques restent frileuses, et les subventions publiques insuffisantes.<\/li><li><strong>Formation de talents<\/strong> : la professionnalisation passe par des \u00e9coles et des programmes d\u2019apprentissage rigoureux.<\/li><\/ul><p>Pourtant, la passion qui anime les professionnels de l\u2019audiovisuel nous incite \u00e0 croire que ces d\u00e9fis se transformeront en opportunit\u00e9s \u00e0 mesure que le march\u00e9 se structure.<\/p>\t\t\t\t\t\t\t\t<\/div>\n\t\t\t\t<\/div>\n\t\t\t\t\t<\/div>\n\t\t\t\t<\/div>\n\t\t<div class=\"elementor-element elementor-element-a5954c1 e-flex e-con-boxed e-con e-parent\" data-id=\"a5954c1\" data-element_type=\"container\">\n\t\t\t\t\t<div class=\"e-con-inner\">\n\t\t\t\t<div class=\"elementor-element elementor-element-6948fc7 elementor-widget elementor-widget-heading\" data-id=\"6948fc7\" data-element_type=\"widget\" data-widget_type=\"heading.default\">\n\t\t\t\t<div class=\"elementor-widget-container\">\n\t\t\t\t\t<h2 class=\"elementor-heading-title elementor-size-default\">Besoin d\u2019un partenaire pour votre projet ?<\/h2>\t\t\t\t<\/div>\n\t\t\t\t<\/div>\n\t\t\t\t<div class=\"elementor-element elementor-element-38b0d41 elementor-widget elementor-widget-text-editor\" data-id=\"38b0d41\" data-element_type=\"widget\" data-widget_type=\"text-editor.default\">\n\t\t\t\t<div class=\"elementor-widget-container\">\n\t\t\t\t\t\t\t\t\t<p>Le <strong>march\u00e9 de l\u2019audiovisuel en Afrique<\/strong> n\u2019a jamais \u00e9t\u00e9 aussi prometteur. Nous, chez <strong>CBC Worldwide<\/strong>, en sommes convaincus : la Guin\u00e9e \u2013 et plus largement l\u2019Afrique \u2013 regorge de richesses culturelles et d\u2019histoires universelles. En nous appuyant sur des talents locaux, en adoptant une approche internationale et en croyant fermement au potentiel de notre continent, nous contribuons, chaque jour, \u00e0 faire de l\u2019Afrique la nouvelle star de l\u2019industrie audiovisuelle.<\/p>\t\t\t\t\t\t\t\t<\/div>\n\t\t\t\t<\/div>\n\t\t\t\t\t<\/div>\n\t\t\t\t<\/div>\n\t\t<div class=\"elementor-element elementor-element-7401062 e-flex e-con-boxed e-con e-parent\" data-id=\"7401062\" data-element_type=\"container\">\n\t\t\t\t\t<div class=\"e-con-inner\">\n\t\t\t\t<div class=\"elementor-element elementor-element-a363df8 elementor-align-center elementor-widget elementor-widget-button\" data-id=\"a363df8\" data-element_type=\"widget\" data-widget_type=\"button.default\">\n\t\t\t\t<div class=\"elementor-widget-container\">\n\t\t\t\t\t\t\t\t\t<div class=\"elementor-button-wrapper\">\n\t\t\t\t\t<a class=\"elementor-button elementor-button-link elementor-size-sm\" href=\"mailto:cbcworldwide.africa\">\n\t\t\t\t\t\t<span class=\"elementor-button-content-wrapper\">\n\t\t\t\t\t\t\t\t\t<span class=\"elementor-button-text\">Contactez CBC Worldwide et faites briller vos id\u00e9es sur les \u00e9crans africains<\/span>\n\t\t\t\t\t<\/span>\n\t\t\t\t\t<\/a>\n\t\t\t\t<\/div>\n\t\t\t\t\t\t\t\t<\/div>\n\t\t\t\t<\/div>\n\t\t\t\t\t<\/div>\n\t\t\t\t<\/div>\n\t\t\t\t<\/div>\n\t\t","protected":false},"excerpt":{"rendered":"<p>Vous l\u2019avez sans doute remarqu\u00e9 : l\u2019audiovisuel en Afrique conna\u00eet un essor remarquable. En tant que CBC Worldwide, bas\u00e9s en Guin\u00e9e, nous le vivons au quotidien. C\u2019est fascinant de voir \u00e0 quel point la demande de contenus locaux et la production de films ou de s\u00e9ries prennent de l\u2019ampleur. Le continent se r\u00e9veille, stimul\u00e9 par de nouvelles opportunit\u00e9s et une cr\u00e9ativit\u00e9 d\u00e9bordante.<\/p>\n","protected":false},"author":2,"featured_media":1338,"comment_status":"open","ping_status":"open","sticky":false,"template":"","format":"standard","meta":{"_uag_custom_page_level_css":"","site-sidebar-layout":"default","site-content-layout":"","ast-site-content-layout":"default","site-content-style":"default","site-sidebar-style":"default","ast-global-header-display":"","ast-banner-title-visibility":"","ast-main-header-display":"","ast-hfb-above-header-display":"","ast-hfb-below-header-display":"","ast-hfb-mobile-header-display":"","site-post-title":"","ast-breadcrumbs-content":"","ast-featured-img":"","footer-sml-layout":"","theme-transparent-header-meta":"","adv-header-id-meta":"","stick-header-meta":"","header-above-stick-meta":"","header-main-stick-meta":"","header-below-stick-meta":"","astra-migrate-meta-layouts":"set","ast-page-background-enabled":"default","ast-page-background-meta":{"desktop":{"background-color":"","background-image":"","background-repeat":"repeat","background-position":"center center","background-size":"auto","background-attachment":"scroll","background-type":"","background-media":"","overlay-type":"","overlay-color":"","overlay-opacity":"","overlay-gradient":""},"tablet":{"background-color":"","background-image":"","background-repeat":"repeat","background-position":"center center","background-size":"auto","background-attachment":"scroll","background-type":"","background-media":"","overlay-type":"","overlay-color":"","overlay-opacity":"","overlay-gradient":""},"mobile":{"background-color":"","background-image":"","background-repeat":"repeat","background-position":"center center","background-size":"auto","background-attachment":"scroll","background-type":"","background-media":"","overlay-type":"","overlay-color":"","overlay-opacity":"","overlay-gradient":""}},"ast-content-background-meta":{"desktop":{"background-color":"var(--ast-global-color-5)","background-image":"","background-repeat":"repeat","background-position":"center center","background-size":"auto","background-attachment":"scroll","background-type":"","background-media":"","overlay-type":"","overlay-color":"","overlay-opacity":"","overlay-gradient":""},"tablet":{"background-color":"var(--ast-global-color-5)","background-image":"","background-repeat":"repeat","background-position":"center center","background-size":"auto","background-attachment":"scroll","background-type":"","background-media":"","overlay-type":"","overlay-color":"","overlay-opacity":"","overlay-gradient":""},"mobile":{"background-color":"var(--ast-global-color-5)","background-image":"","background-repeat":"repeat","background-position":"center center","background-size":"auto","background-attachment":"scroll","background-type":"","background-media":"","overlay-type":"","overlay-color":"","overlay-opacity":"","overlay-gradient":""}},"footnotes":""},"categories":[1],"tags":[],"class_list":["post-1406","post","type-post","status-publish","format-standard","has-post-thumbnail","hentry","category-non-classe"],"yoast_head":"<!-- This site is optimized with the Yoast SEO plugin v25.6 - https:\/\/yoast.com\/wordpress\/plugins\/seo\/ -->\n<title>Audiovisuel en Afrique &amp; Conakry \u2013 CBC Worldwide par Diaka Camara - CBC WORLDWIDE AGENCE DE COMMUNICATION ET DE PRODUCTION AUDIOVISUELLE AFRICAINE<\/title>\n<meta name=\"description\" content=\"CBC Worldwide, dirig\u00e9e par Diaka Camara en Guin\u00e9e, d\u00e9voile le potentiel de l\u2019audiovisuel en Afrique et \u00e0 Conakry \u00e0 travers projets innovants.\" \/>\n<meta name=\"robots\" content=\"index, follow, max-snippet:-1, max-image-preview:large, max-video-preview:-1\" \/>\n<link rel=\"canonical\" href=\"https:\/\/www.cbcworldwideafrica.com\/cbcworldwideafrica\/audiovisuel-afrique-conakry\/\" \/>\n<meta property=\"og:locale\" content=\"fr_FR\" \/>\n<meta property=\"og:type\" content=\"article\" \/>\n<meta property=\"og:title\" content=\"Audiovisuel en Afrique &amp; Conakry \u2013 CBC Worldwide par Diaka Camara - CBC WORLDWIDE AGENCE DE COMMUNICATION ET DE PRODUCTION AUDIOVISUELLE AFRICAINE\" \/>\n<meta property=\"og:description\" content=\"CBC Worldwide, dirig\u00e9e par Diaka Camara en Guin\u00e9e, d\u00e9voile le potentiel de l\u2019audiovisuel en Afrique et \u00e0 Conakry \u00e0 travers projets innovants.\" \/>\n<meta property=\"og:url\" content=\"https:\/\/www.cbcworldwideafrica.com\/cbcworldwideafrica\/audiovisuel-afrique-conakry\/\" \/>\n<meta property=\"og:site_name\" content=\"CBC WORLDWIDE AGENCE DE COMMUNICATION ET DE PRODUCTION AUDIOVISUELLE AFRICAINE\" \/>\n<meta property=\"article:published_time\" content=\"2025-06-11T00:22:54+00:00\" \/>\n<meta property=\"article:modified_time\" content=\"2025-08-07T16:48:46+00:00\" \/>\n<meta property=\"og:image\" content=\"https:\/\/www.cbcworldwideafrica.com\/cbcworldwideafrica\/wp-content\/uploads\/2025\/06\/genere-moi-un-visuel-photo-de-materiel-de-film-pellicule-camera-bandes-etc-en-couleurs-vives-dynamiques-bien-gros-avec-des-touches-africaines-2.jpg\" \/>\n\t<meta property=\"og:image:width\" content=\"1472\" \/>\n\t<meta property=\"og:image:height\" content=\"832\" \/>\n\t<meta property=\"og:image:type\" content=\"image\/jpeg\" \/>\n<meta name=\"author\" content=\"Diaka Camara\" \/>\n<meta name=\"twitter:card\" content=\"summary_large_image\" \/>\n<meta name=\"twitter:label1\" content=\"\u00c9crit par\" \/>\n\t<meta name=\"twitter:data1\" content=\"Diaka Camara\" \/>\n\t<meta name=\"twitter:label2\" content=\"Dur\u00e9e de lecture estim\u00e9e\" \/>\n\t<meta name=\"twitter:data2\" content=\"4 minutes\" \/>\n<script type=\"application\/ld+json\" class=\"yoast-schema-graph\">{\"@context\":\"https:\/\/schema.org\",\"@graph\":[{\"@type\":\"Article\",\"@id\":\"https:\/\/www.cbcworldwideafrica.com\/cbcworldwideafrica\/audiovisuel-afrique-conakry\/#article\",\"isPartOf\":{\"@id\":\"https:\/\/www.cbcworldwideafrica.com\/cbcworldwideafrica\/audiovisuel-afrique-conakry\/\"},\"author\":{\"name\":\"Diaka Camara\",\"@id\":\"https:\/\/www.cbcworldwideafrica.com\/cbcworldwideafrica\/#\/schema\/person\/2bc8af2c754b442af624dc18b103a82c\"},\"headline\":\"Audiovisuel en Afrique &#038; Conakry \u2013 CBC Worldwide par Diaka Camara\",\"datePublished\":\"2025-06-11T00:22:54+00:00\",\"dateModified\":\"2025-08-07T16:48:46+00:00\",\"mainEntityOfPage\":{\"@id\":\"https:\/\/www.cbcworldwideafrica.com\/cbcworldwideafrica\/audiovisuel-afrique-conakry\/\"},\"wordCount\":687,\"commentCount\":0,\"publisher\":{\"@id\":\"https:\/\/www.cbcworldwideafrica.com\/cbcworldwideafrica\/#organization\"},\"image\":{\"@id\":\"https:\/\/www.cbcworldwideafrica.com\/cbcworldwideafrica\/audiovisuel-afrique-conakry\/#primaryimage\"},\"thumbnailUrl\":\"https:\/\/www.cbcworldwideafrica.com\/cbcworldwideafrica\/wp-content\/uploads\/2025\/06\/genere-moi-un-visuel-photo-de-materiel-de-film-pellicule-camera-bandes-etc-en-couleurs-vives-dynamiques-bien-gros-avec-des-touches-africaines-2.jpg\",\"inLanguage\":\"fr-FR\",\"potentialAction\":[{\"@type\":\"CommentAction\",\"name\":\"Comment\",\"target\":[\"https:\/\/www.cbcworldwideafrica.com\/cbcworldwideafrica\/audiovisuel-afrique-conakry\/#respond\"]}]},{\"@type\":\"WebPage\",\"@id\":\"https:\/\/www.cbcworldwideafrica.com\/cbcworldwideafrica\/audiovisuel-afrique-conakry\/\",\"url\":\"https:\/\/www.cbcworldwideafrica.com\/cbcworldwideafrica\/audiovisuel-afrique-conakry\/\",\"name\":\"Audiovisuel en Afrique & Conakry \u2013 CBC Worldwide par Diaka Camara - CBC WORLDWIDE AGENCE DE COMMUNICATION ET DE PRODUCTION AUDIOVISUELLE AFRICAINE\",\"isPartOf\":{\"@id\":\"https:\/\/www.cbcworldwideafrica.com\/cbcworldwideafrica\/#website\"},\"primaryImageOfPage\":{\"@id\":\"https:\/\/www.cbcworldwideafrica.com\/cbcworldwideafrica\/audiovisuel-afrique-conakry\/#primaryimage\"},\"image\":{\"@id\":\"https:\/\/www.cbcworldwideafrica.com\/cbcworldwideafrica\/audiovisuel-afrique-conakry\/#primaryimage\"},\"thumbnailUrl\":\"https:\/\/www.cbcworldwideafrica.com\/cbcworldwideafrica\/wp-content\/uploads\/2025\/06\/genere-moi-un-visuel-photo-de-materiel-de-film-pellicule-camera-bandes-etc-en-couleurs-vives-dynamiques-bien-gros-avec-des-touches-africaines-2.jpg\",\"datePublished\":\"2025-06-11T00:22:54+00:00\",\"dateModified\":\"2025-08-07T16:48:46+00:00\",\"description\":\"CBC Worldwide, dirig\u00e9e par Diaka Camara en Guin\u00e9e, d\u00e9voile le potentiel de l\u2019audiovisuel en Afrique et \u00e0 Conakry \u00e0 travers projets innovants.\",\"breadcrumb\":{\"@id\":\"https:\/\/www.cbcworldwideafrica.com\/cbcworldwideafrica\/audiovisuel-afrique-conakry\/#breadcrumb\"},\"inLanguage\":\"fr-FR\",\"potentialAction\":[{\"@type\":\"ReadAction\",\"target\":[\"https:\/\/www.cbcworldwideafrica.com\/cbcworldwideafrica\/audiovisuel-afrique-conakry\/\"]}]},{\"@type\":\"ImageObject\",\"inLanguage\":\"fr-FR\",\"@id\":\"https:\/\/www.cbcworldwideafrica.com\/cbcworldwideafrica\/audiovisuel-afrique-conakry\/#primaryimage\",\"url\":\"https:\/\/www.cbcworldwideafrica.com\/cbcworldwideafrica\/wp-content\/uploads\/2025\/06\/genere-moi-un-visuel-photo-de-materiel-de-film-pellicule-camera-bandes-etc-en-couleurs-vives-dynamiques-bien-gros-avec-des-touches-africaines-2.jpg\",\"contentUrl\":\"https:\/\/www.cbcworldwideafrica.com\/cbcworldwideafrica\/wp-content\/uploads\/2025\/06\/genere-moi-un-visuel-photo-de-materiel-de-film-pellicule-camera-bandes-etc-en-couleurs-vives-dynamiques-bien-gros-avec-des-touches-africaines-2.jpg\",\"width\":1472,\"height\":832,\"caption\":\"CBC Worldwide materiel de film (pellicule, camera, bandes, storytelling, clap de tournage)\"},{\"@type\":\"BreadcrumbList\",\"@id\":\"https:\/\/www.cbcworldwideafrica.com\/cbcworldwideafrica\/audiovisuel-afrique-conakry\/#breadcrumb\",\"itemListElement\":[{\"@type\":\"ListItem\",\"position\":1,\"name\":\"Accueil\",\"item\":\"https:\/\/www.cbcworldwideafrica.com\/cbcworldwideafrica\/\"},{\"@type\":\"ListItem\",\"position\":2,\"name\":\"Audiovisuel en Afrique &#038; Conakry \u2013 CBC Worldwide par Diaka Camara\"}]},{\"@type\":\"WebSite\",\"@id\":\"https:\/\/www.cbcworldwideafrica.com\/cbcworldwideafrica\/#website\",\"url\":\"https:\/\/www.cbcworldwideafrica.com\/cbcworldwideafrica\/\",\"name\":\"CBC WORLDWIDE AGENCE DE COMMUNICATION ET DE PRODUCTION AUDIOVISUELLE AFRICAINE\",\"description\":\"\",\"publisher\":{\"@id\":\"https:\/\/www.cbcworldwideafrica.com\/cbcworldwideafrica\/#organization\"},\"potentialAction\":[{\"@type\":\"SearchAction\",\"target\":{\"@type\":\"EntryPoint\",\"urlTemplate\":\"https:\/\/www.cbcworldwideafrica.com\/cbcworldwideafrica\/?s={search_term_string}\"},\"query-input\":{\"@type\":\"PropertyValueSpecification\",\"valueRequired\":true,\"valueName\":\"search_term_string\"}}],\"inLanguage\":\"fr-FR\"},{\"@type\":\"Organization\",\"@id\":\"https:\/\/www.cbcworldwideafrica.com\/cbcworldwideafrica\/#organization\",\"name\":\"CBC WORLDWIDE AGENCE DE COMMUNICATION ET DE PRODUCTION AUDIOVISUELLE AFRICAINE\",\"url\":\"https:\/\/www.cbcworldwideafrica.com\/cbcworldwideafrica\/\",\"logo\":{\"@type\":\"ImageObject\",\"inLanguage\":\"fr-FR\",\"@id\":\"https:\/\/www.cbcworldwideafrica.com\/cbcworldwideafrica\/#\/schema\/logo\/image\/\",\"url\":\"https:\/\/www.cbcworldwideafrica.com\/cbcworldwideafrica\/wp-content\/uploads\/2025\/06\/LOGO-CBC.png\",\"contentUrl\":\"https:\/\/www.cbcworldwideafrica.com\/cbcworldwideafrica\/wp-content\/uploads\/2025\/06\/LOGO-CBC.png\",\"width\":1500,\"height\":1600,\"caption\":\"CBC WORLDWIDE AGENCE DE COMMUNICATION ET DE PRODUCTION AUDIOVISUELLE AFRICAINE\"},\"image\":{\"@id\":\"https:\/\/www.cbcworldwideafrica.com\/cbcworldwideafrica\/#\/schema\/logo\/image\/\"}},{\"@type\":\"Person\",\"@id\":\"https:\/\/www.cbcworldwideafrica.com\/cbcworldwideafrica\/#\/schema\/person\/2bc8af2c754b442af624dc18b103a82c\",\"name\":\"Diaka Camara\",\"image\":{\"@type\":\"ImageObject\",\"inLanguage\":\"fr-FR\",\"@id\":\"https:\/\/www.cbcworldwideafrica.com\/cbcworldwideafrica\/#\/schema\/person\/image\/\",\"url\":\"https:\/\/secure.gravatar.com\/avatar\/c6dbaeabb83faacaaf8cd4f54b8f2ce1481fe5cd697171d4cd97ba160b298fa4?s=96&d=mm&r=g\",\"contentUrl\":\"https:\/\/secure.gravatar.com\/avatar\/c6dbaeabb83faacaaf8cd4f54b8f2ce1481fe5cd697171d4cd97ba160b298fa4?s=96&d=mm&r=g\",\"caption\":\"Diaka Camara\"},\"url\":\"https:\/\/www.cbcworldwideafrica.com\/cbcworldwideafrica\/author\/cbc-worldwide\/\"}]}<\/script>\n<!-- \/ Yoast SEO plugin. -->","yoast_head_json":{"title":"Audiovisuel en Afrique & Conakry \u2013 CBC Worldwide par Diaka Camara - CBC WORLDWIDE AGENCE DE COMMUNICATION ET DE PRODUCTION AUDIOVISUELLE AFRICAINE","description":"CBC Worldwide, dirig\u00e9e par Diaka Camara en Guin\u00e9e, d\u00e9voile le potentiel de l\u2019audiovisuel en Afrique et \u00e0 Conakry \u00e0 travers projets innovants.","robots":{"index":"index","follow":"follow","max-snippet":"max-snippet:-1","max-image-preview":"max-image-preview:large","max-video-preview":"max-video-preview:-1"},"canonical":"https:\/\/www.cbcworldwideafrica.com\/cbcworldwideafrica\/audiovisuel-afrique-conakry\/","og_locale":"fr_FR","og_type":"article","og_title":"Audiovisuel en Afrique & Conakry \u2013 CBC Worldwide par Diaka Camara - CBC WORLDWIDE AGENCE DE COMMUNICATION ET DE PRODUCTION AUDIOVISUELLE AFRICAINE","og_description":"CBC Worldwide, dirig\u00e9e par Diaka Camara en Guin\u00e9e, d\u00e9voile le potentiel de l\u2019audiovisuel en Afrique et \u00e0 Conakry \u00e0 travers projets innovants.","og_url":"https:\/\/www.cbcworldwideafrica.com\/cbcworldwideafrica\/audiovisuel-afrique-conakry\/","og_site_name":"CBC WORLDWIDE AGENCE DE COMMUNICATION ET DE PRODUCTION AUDIOVISUELLE AFRICAINE","article_published_time":"2025-06-11T00:22:54+00:00","article_modified_time":"2025-08-07T16:48:46+00:00","og_image":[{"width":1472,"height":832,"url":"https:\/\/www.cbcworldwideafrica.com\/cbcworldwideafrica\/wp-content\/uploads\/2025\/06\/genere-moi-un-visuel-photo-de-materiel-de-film-pellicule-camera-bandes-etc-en-couleurs-vives-dynamiques-bien-gros-avec-des-touches-africaines-2.jpg","type":"image\/jpeg"}],"author":"Diaka Camara","twitter_card":"summary_large_image","twitter_misc":{"\u00c9crit par":"Diaka Camara","Dur\u00e9e de lecture estim\u00e9e":"4 minutes"},"schema":{"@context":"https:\/\/schema.org","@graph":[{"@type":"Article","@id":"https:\/\/www.cbcworldwideafrica.com\/cbcworldwideafrica\/audiovisuel-afrique-conakry\/#article","isPartOf":{"@id":"https:\/\/www.cbcworldwideafrica.com\/cbcworldwideafrica\/audiovisuel-afrique-conakry\/"},"author":{"name":"Diaka Camara","@id":"https:\/\/www.cbcworldwideafrica.com\/cbcworldwideafrica\/#\/schema\/person\/2bc8af2c754b442af624dc18b103a82c"},"headline":"Audiovisuel en Afrique &#038; Conakry \u2013 CBC Worldwide par Diaka Camara","datePublished":"2025-06-11T00:22:54+00:00","dateModified":"2025-08-07T16:48:46+00:00","mainEntityOfPage":{"@id":"https:\/\/www.cbcworldwideafrica.com\/cbcworldwideafrica\/audiovisuel-afrique-conakry\/"},"wordCount":687,"commentCount":0,"publisher":{"@id":"https:\/\/www.cbcworldwideafrica.com\/cbcworldwideafrica\/#organization"},"image":{"@id":"https:\/\/www.cbcworldwideafrica.com\/cbcworldwideafrica\/audiovisuel-afrique-conakry\/#primaryimage"},"thumbnailUrl":"https:\/\/www.cbcworldwideafrica.com\/cbcworldwideafrica\/wp-content\/uploads\/2025\/06\/genere-moi-un-visuel-photo-de-materiel-de-film-pellicule-camera-bandes-etc-en-couleurs-vives-dynamiques-bien-gros-avec-des-touches-africaines-2.jpg","inLanguage":"fr-FR","potentialAction":[{"@type":"CommentAction","name":"Comment","target":["https:\/\/www.cbcworldwideafrica.com\/cbcworldwideafrica\/audiovisuel-afrique-conakry\/#respond"]}]},{"@type":"WebPage","@id":"https:\/\/www.cbcworldwideafrica.com\/cbcworldwideafrica\/audiovisuel-afrique-conakry\/","url":"https:\/\/www.cbcworldwideafrica.com\/cbcworldwideafrica\/audiovisuel-afrique-conakry\/","name":"Audiovisuel en Afrique & Conakry \u2013 CBC Worldwide par Diaka Camara - CBC WORLDWIDE AGENCE DE COMMUNICATION ET DE PRODUCTION AUDIOVISUELLE AFRICAINE","isPartOf":{"@id":"https:\/\/www.cbcworldwideafrica.com\/cbcworldwideafrica\/#website"},"primaryImageOfPage":{"@id":"https:\/\/www.cbcworldwideafrica.com\/cbcworldwideafrica\/audiovisuel-afrique-conakry\/#primaryimage"},"image":{"@id":"https:\/\/www.cbcworldwideafrica.com\/cbcworldwideafrica\/audiovisuel-afrique-conakry\/#primaryimage"},"thumbnailUrl":"https:\/\/www.cbcworldwideafrica.com\/cbcworldwideafrica\/wp-content\/uploads\/2025\/06\/genere-moi-un-visuel-photo-de-materiel-de-film-pellicule-camera-bandes-etc-en-couleurs-vives-dynamiques-bien-gros-avec-des-touches-africaines-2.jpg","datePublished":"2025-06-11T00:22:54+00:00","dateModified":"2025-08-07T16:48:46+00:00","description":"CBC Worldwide, dirig\u00e9e par Diaka Camara en Guin\u00e9e, d\u00e9voile le potentiel de l\u2019audiovisuel en Afrique et \u00e0 Conakry \u00e0 travers projets innovants.","breadcrumb":{"@id":"https:\/\/www.cbcworldwideafrica.com\/cbcworldwideafrica\/audiovisuel-afrique-conakry\/#breadcrumb"},"inLanguage":"fr-FR","potentialAction":[{"@type":"ReadAction","target":["https:\/\/www.cbcworldwideafrica.com\/cbcworldwideafrica\/audiovisuel-afrique-conakry\/"]}]},{"@type":"ImageObject","inLanguage":"fr-FR","@id":"https:\/\/www.cbcworldwideafrica.com\/cbcworldwideafrica\/audiovisuel-afrique-conakry\/#primaryimage","url":"https:\/\/www.cbcworldwideafrica.com\/cbcworldwideafrica\/wp-content\/uploads\/2025\/06\/genere-moi-un-visuel-photo-de-materiel-de-film-pellicule-camera-bandes-etc-en-couleurs-vives-dynamiques-bien-gros-avec-des-touches-africaines-2.jpg","contentUrl":"https:\/\/www.cbcworldwideafrica.com\/cbcworldwideafrica\/wp-content\/uploads\/2025\/06\/genere-moi-un-visuel-photo-de-materiel-de-film-pellicule-camera-bandes-etc-en-couleurs-vives-dynamiques-bien-gros-avec-des-touches-africaines-2.jpg","width":1472,"height":832,"caption":"CBC Worldwide materiel de film (pellicule, camera, bandes, storytelling, clap de tournage)"},{"@type":"BreadcrumbList","@id":"https:\/\/www.cbcworldwideafrica.com\/cbcworldwideafrica\/audiovisuel-afrique-conakry\/#breadcrumb","itemListElement":[{"@type":"ListItem","position":1,"name":"Accueil","item":"https:\/\/www.cbcworldwideafrica.com\/cbcworldwideafrica\/"},{"@type":"ListItem","position":2,"name":"Audiovisuel en Afrique &#038; Conakry \u2013 CBC Worldwide par Diaka Camara"}]},{"@type":"WebSite","@id":"https:\/\/www.cbcworldwideafrica.com\/cbcworldwideafrica\/#website","url":"https:\/\/www.cbcworldwideafrica.com\/cbcworldwideafrica\/","name":"CBC WORLDWIDE AGENCE DE COMMUNICATION ET DE PRODUCTION AUDIOVISUELLE AFRICAINE","description":"","publisher":{"@id":"https:\/\/www.cbcworldwideafrica.com\/cbcworldwideafrica\/#organization"},"potentialAction":[{"@type":"SearchAction","target":{"@type":"EntryPoint","urlTemplate":"https:\/\/www.cbcworldwideafrica.com\/cbcworldwideafrica\/?s={search_term_string}"},"query-input":{"@type":"PropertyValueSpecification","valueRequired":true,"valueName":"search_term_string"}}],"inLanguage":"fr-FR"},{"@type":"Organization","@id":"https:\/\/www.cbcworldwideafrica.com\/cbcworldwideafrica\/#organization","name":"CBC WORLDWIDE AGENCE DE COMMUNICATION ET DE PRODUCTION AUDIOVISUELLE AFRICAINE","url":"https:\/\/www.cbcworldwideafrica.com\/cbcworldwideafrica\/","logo":{"@type":"ImageObject","inLanguage":"fr-FR","@id":"https:\/\/www.cbcworldwideafrica.com\/cbcworldwideafrica\/#\/schema\/logo\/image\/","url":"https:\/\/www.cbcworldwideafrica.com\/cbcworldwideafrica\/wp-content\/uploads\/2025\/06\/LOGO-CBC.png","contentUrl":"https:\/\/www.cbcworldwideafrica.com\/cbcworldwideafrica\/wp-content\/uploads\/2025\/06\/LOGO-CBC.png","width":1500,"height":1600,"caption":"CBC WORLDWIDE AGENCE DE COMMUNICATION ET DE PRODUCTION AUDIOVISUELLE AFRICAINE"},"image":{"@id":"https:\/\/www.cbcworldwideafrica.com\/cbcworldwideafrica\/#\/schema\/logo\/image\/"}},{"@type":"Person","@id":"https:\/\/www.cbcworldwideafrica.com\/cbcworldwideafrica\/#\/schema\/person\/2bc8af2c754b442af624dc18b103a82c","name":"Diaka Camara","image":{"@type":"ImageObject","inLanguage":"fr-FR","@id":"https:\/\/www.cbcworldwideafrica.com\/cbcworldwideafrica\/#\/schema\/person\/image\/","url":"https:\/\/secure.gravatar.com\/avatar\/c6dbaeabb83faacaaf8cd4f54b8f2ce1481fe5cd697171d4cd97ba160b298fa4?s=96&d=mm&r=g","contentUrl":"https:\/\/secure.gravatar.com\/avatar\/c6dbaeabb83faacaaf8cd4f54b8f2ce1481fe5cd697171d4cd97ba160b298fa4?s=96&d=mm&r=g","caption":"Diaka Camara"},"url":"https:\/\/www.cbcworldwideafrica.com\/cbcworldwideafrica\/author\/cbc-worldwide\/"}]}},"uagb_featured_image_src":{"full":["https:\/\/www.cbcworldwideafrica.com\/cbcworldwideafrica\/wp-content\/uploads\/2025\/06\/genere-moi-un-visuel-photo-de-materiel-de-film-pellicule-camera-bandes-etc-en-couleurs-vives-dynamiques-bien-gros-avec-des-touches-africaines-2.jpg",1472,832,false],"thumbnail":["https:\/\/www.cbcworldwideafrica.com\/cbcworldwideafrica\/wp-content\/uploads\/2025\/06\/genere-moi-un-visuel-photo-de-materiel-de-film-pellicule-camera-bandes-etc-en-couleurs-vives-dynamiques-bien-gros-avec-des-touches-africaines-2-150x150.jpg",150,150,true],"medium":["https:\/\/www.cbcworldwideafrica.com\/cbcworldwideafrica\/wp-content\/uploads\/2025\/06\/genere-moi-un-visuel-photo-de-materiel-de-film-pellicule-camera-bandes-etc-en-couleurs-vives-dynamiques-bien-gros-avec-des-touches-africaines-2-300x170.jpg",300,170,true],"medium_large":["https:\/\/www.cbcworldwideafrica.com\/cbcworldwideafrica\/wp-content\/uploads\/2025\/06\/genere-moi-un-visuel-photo-de-materiel-de-film-pellicule-camera-bandes-etc-en-couleurs-vives-dynamiques-bien-gros-avec-des-touches-africaines-2-768x434.jpg",768,434,true],"large":["https:\/\/www.cbcworldwideafrica.com\/cbcworldwideafrica\/wp-content\/uploads\/2025\/06\/genere-moi-un-visuel-photo-de-materiel-de-film-pellicule-camera-bandes-etc-en-couleurs-vives-dynamiques-bien-gros-avec-des-touches-africaines-2-1024x579.jpg",1024,579,true],"1536x1536":["https:\/\/www.cbcworldwideafrica.com\/cbcworldwideafrica\/wp-content\/uploads\/2025\/06\/genere-moi-un-visuel-photo-de-materiel-de-film-pellicule-camera-bandes-etc-en-couleurs-vives-dynamiques-bien-gros-avec-des-touches-africaines-2.jpg",1472,832,false],"2048x2048":["https:\/\/www.cbcworldwideafrica.com\/cbcworldwideafrica\/wp-content\/uploads\/2025\/06\/genere-moi-un-visuel-photo-de-materiel-de-film-pellicule-camera-bandes-etc-en-couleurs-vives-dynamiques-bien-gros-avec-des-touches-africaines-2.jpg",1472,832,false]},"uagb_author_info":{"display_name":"Diaka Camara","author_link":"https:\/\/www.cbcworldwideafrica.com\/cbcworldwideafrica\/author\/cbc-worldwide\/"},"uagb_comment_info":0,"uagb_excerpt":"Vous l\u2019avez sans doute remarqu\u00e9 : l\u2019audiovisuel en Afrique conna\u00eet un essor remarquable. En tant que CBC Worldwide, bas\u00e9s en Guin\u00e9e, nous le vivons au quotidien. C\u2019est fascinant de voir \u00e0 quel point la demande de contenus locaux et la production de films ou de s\u00e9ries prennent de l\u2019ampleur. Le continent se r\u00e9veille, stimul\u00e9 par\u2026","_links":{"self":[{"href":"https:\/\/www.cbcworldwideafrica.com\/cbcworldwideafrica\/wp-json\/wp\/v2\/posts\/1406","targetHints":{"allow":["GET"]}}],"collection":[{"href":"https:\/\/www.cbcworldwideafrica.com\/cbcworldwideafrica\/wp-json\/wp\/v2\/posts"}],"about":[{"href":"https:\/\/www.cbcworldwideafrica.com\/cbcworldwideafrica\/wp-json\/wp\/v2\/types\/post"}],"author":[{"embeddable":true,"href":"https:\/\/www.cbcworldwideafrica.com\/cbcworldwideafrica\/wp-json\/wp\/v2\/users\/2"}],"replies":[{"embeddable":true,"href":"https:\/\/www.cbcworldwideafrica.com\/cbcworldwideafrica\/wp-json\/wp\/v2\/comments?post=1406"}],"version-history":[{"count":13,"href":"https:\/\/www.cbcworldwideafrica.com\/cbcworldwideafrica\/wp-json\/wp\/v2\/posts\/1406\/revisions"}],"predecessor-version":[{"id":2208,"href":"https:\/\/www.cbcworldwideafrica.com\/cbcworldwideafrica\/wp-json\/wp\/v2\/posts\/1406\/revisions\/2208"}],"wp:featuredmedia":[{"embeddable":true,"href":"https:\/\/www.cbcworldwideafrica.com\/cbcworldwideafrica\/wp-json\/wp\/v2\/media\/1338"}],"wp:attachment":[{"href":"https:\/\/www.cbcworldwideafrica.com\/cbcworldwideafrica\/wp-json\/wp\/v2\/media?parent=1406"}],"wp:term":[{"taxonomy":"category","embeddable":true,"href":"https:\/\/www.cbcworldwideafrica.com\/cbcworldwideafrica\/wp-json\/wp\/v2\/categories?post=1406"},{"taxonomy":"post_tag","embeddable":true,"href":"https:\/\/www.cbcworldwideafrica.com\/cbcworldwideafrica\/wp-json\/wp\/v2\/tags?post=1406"}],"curies":[{"name":"wp","href":"https:\/\/api.w.org\/{rel}","templated":true}]}}